{"id":143014,"date":"2019-12-26T09:26:19","date_gmt":"2019-12-26T12:26:19","guid":{"rendered":"http:\/\/www.caririemacao.com\/1\/?p=143014"},"modified":"2019-12-26T09:26:19","modified_gmt":"2019-12-26T12:26:19","slug":"camara-de-santa-luzia-prorroga-prazo-para-inscricoes-de-concurso-publico","status":"publish","type":"post","link":"https:\/\/www.caririemacao.com\/1\/2019\/12\/26\/camara-de-santa-luzia-prorroga-prazo-para-inscricoes-de-concurso-publico\/","title":{"rendered":"C\u00e2mara de Santa Luzia prorroga prazo para inscri\u00e7\u00f5es de concurso p\u00fablico"},"content":{"rendered":"\n<p>A C\u00e2mara Municipal de Santa Luzia prorrogou o prazo para as inscri\u00e7\u00f5es do concurso p\u00fablico. As inscri\u00e7\u00f5es&nbsp;<a href=\"https:\/\/www.clickpb.com.br\/emprego\/concurso\/camara-municipal-de-santa-luzia-inscreve-para-concurso-publico-ate-esta-quinta-feira-274713.html\">se encerrariam nesta quinta-feira (26)<\/a>, por\u00e9m de acordo com o novo edital, os interessados poder\u00e3o se inscrever at\u00e9 o dia 7 de janeiro de 2020.<br><a href=\"https:\/\/www.clickpb.com.br\/media\/filer_public\/eb\/29\/eb293593-78af-447c-9fad-095b10311ad3\/2019_cmsantaluzia_edital_normativo_2.pdf\">Confira o edital<\/a><\/p>\n\n\n\n<p>Os sal\u00e1rios variam de R$ 998 a R$ 1.222,76.&nbsp;As inscri\u00e7\u00f5es podem ser realizadas&nbsp;<a href=\"https:\/\/cpcon.uepb.edu.br\/\">no site da empresa organizadora<\/a>&nbsp;do certame.<\/p>\n\n\n\n<p>As taxas de inscri\u00e7\u00e3o s\u00e3o de R$ 65 para cargos de n\u00edvel fundamental e R$ 85 para o cargo de n\u00edvel m\u00e9dio.<\/p>\n\n\n\n<p>As provas est\u00e3o previstas para ocorrer em 16 de fevereiro de 2020.<\/p>\n","protected":false},"excerpt":{"rendered":"<p>A C\u00e2mara Municipal de Santa Luzia prorrogou o prazo para as inscri\u00e7\u00f5es do concurso p\u00fablico. As inscri\u00e7\u00f5es&nbsp;se encerrariam nesta quinta-feira (26), por\u00e9m de acordo com&hellip; <\/p>\n","protected":false},"author":1,"featured_media":143015,"comment_status":"closed","ping_status":"closed","sticky":false,"template":"","format":"standard","meta":{"sfsi_plus_gutenberg_text_before_share":"","sfsi_plus_gutenberg_show_text_before_share":"","sfsi_plus_gutenberg_icon_type":"","sfsi_plus_gutenberg_icon_alignemt":"","sfsi_plus_gutenburg_max_per_row":"","footnotes":""},"categories":[6],"tags":[],"class_list":["post-143014","post","type-post","status-publish","format-standard","has-post-thumbnail","hentry","category-cidades"],"_links":{"self":[{"href":"https:\/\/www.caririemacao.com\/1\/wp-json\/wp\/v2\/posts\/143014","targetHints":{"allow":["GET"]}}],"collection":[{"href":"https:\/\/www.caririemacao.com\/1\/wp-json\/wp\/v2\/posts"}],"about":[{"href":"https:\/\/www.caririemacao.com\/1\/wp-json\/wp\/v2\/types\/post"}],"author":[{"embeddable":true,"href":"https:\/\/www.caririemacao.com\/1\/wp-json\/wp\/v2\/users\/1"}],"replies":[{"embeddable":true,"href":"https:\/\/www.caririemacao.com\/1\/wp-json\/wp\/v2\/comments?post=143014"}],"version-history":[{"count":1,"href":"https:\/\/www.caririemacao.com\/1\/wp-json\/wp\/v2\/posts\/143014\/revisions"}],"predecessor-version":[{"id":143016,"href":"https:\/\/www.caririemacao.com\/1\/wp-json\/wp\/v2\/posts\/143014\/revisions\/143016"}],"wp:featuredmedia":[{"embeddable":true,"href":"https:\/\/www.caririemacao.com\/1\/wp-json\/wp\/v2\/media\/143015"}],"wp:attachment":[{"href":"https:\/\/www.caririemacao.com\/1\/wp-json\/wp\/v2\/media?parent=143014"}],"wp:term":[{"taxonomy":"category","embeddable":true,"href":"https:\/\/www.caririemacao.com\/1\/wp-json\/wp\/v2\/categories?post=143014"},{"taxonomy":"post_tag","embeddable":true,"href":"https:\/\/www.caririemacao.com\/1\/wp-json\/wp\/v2\/tags?post=143014"}],"curies":[{"name":"wp","href":"https:\/\/api.w.org\/{rel}","templated":true}]}}