{"id":143030,"date":"2019-12-26T09:44:24","date_gmt":"2019-12-26T12:44:24","guid":{"rendered":"http:\/\/www.caririemacao.com\/1\/?p=143030"},"modified":"2019-12-26T09:44:55","modified_gmt":"2019-12-26T12:44:55","slug":"policia-encontra-caminhao-abandonado-no-sertao-da-paraiba-e-condutor-do-veiculo-esta-desaparecido","status":"publish","type":"post","link":"https:\/\/www.caririemacao.com\/1\/2019\/12\/26\/policia-encontra-caminhao-abandonado-no-sertao-da-paraiba-e-condutor-do-veiculo-esta-desaparecido\/","title":{"rendered":"Pol\u00edcia encontra caminh\u00e3o abandonado no sert\u00e3o da Para\u00edba e condutor do ve\u00edculo est\u00e1 desaparecido"},"content":{"rendered":"\n<p>A Pol\u00edcia encontrou nesta quarta-feira (25), um caminh\u00e3o abandonado&nbsp;em um posto no munic\u00edpio de Paulista, no sert\u00e3o da Para\u00edba. O ve\u00edculo foi encontrado depois de ter sido rastreado, ap\u00f3s sair da rota no munic\u00edpio de S\u00e3o Caetano, no estado de Pernambuco.<\/p>\n\n\n\n<p>O caminh\u00e3o seguia com uma carga de fios quando saiu da rota.<\/p>\n\n\n\n<p>A Pol\u00edcia acionou a empresa de rastreamento&nbsp;para abrir o ve\u00edculo.&nbsp;Ap\u00f3s a chegada da empresa de rastreamento, o ve\u00edculo foi aberto e constatado que&nbsp; carga ainda se encontrava no local, como tamb\u00e9m a cabine do ve\u00edculo tinha sido toda danificada.&nbsp;<\/p>\n\n\n\n<p>O motorista do ve\u00edculo identificado como Ricardo est\u00e1 desaparecido. De acordo com a fam\u00edlia, ele foi visto pela \u00faltima vez em S\u00e3o Caetano, Pernambuco, por volta das 16h da \u00faltima ter\u00e7a-feira (26). A fam\u00edlia de Buda, como \u00e9 conhecido, \u00e9 de Catol\u00e9 do Rocha e Riacho dos Cavalos, na Para\u00edba.<\/p>\n\n\n\n<p>A Pol\u00edcia segue investigando o caso.&nbsp;<\/p>\n","protected":false},"excerpt":{"rendered":"<p>A Pol\u00edcia encontrou nesta quarta-feira (25), um caminh\u00e3o abandonado&nbsp;em um posto no munic\u00edpio de Paulista, no sert\u00e3o da Para\u00edba. O ve\u00edculo foi encontrado depois de&hellip; <\/p>\n","protected":false},"author":1,"featured_media":143033,"comment_status":"closed","ping_status":"closed","sticky":false,"template":"","format":"standard","meta":{"sfsi_plus_gutenberg_text_before_share":"","sfsi_plus_gutenberg_show_text_before_share":"","sfsi_plus_gutenberg_icon_type":"","sfsi_plus_gutenberg_icon_alignemt":"","sfsi_plus_gutenburg_max_per_row":"","footnotes":""},"categories":[12],"tags":[],"class_list":["post-143030","post","type-post","status-publish","format-standard","has-post-thumbnail","hentry","category-policia"],"_links":{"self":[{"href":"https:\/\/www.caririemacao.com\/1\/wp-json\/wp\/v2\/posts\/143030","targetHints":{"allow":["GET"]}}],"collection":[{"href":"https:\/\/www.caririemacao.com\/1\/wp-json\/wp\/v2\/posts"}],"about":[{"href":"https:\/\/www.caririemacao.com\/1\/wp-json\/wp\/v2\/types\/post"}],"author":[{"embeddable":true,"href":"https:\/\/www.caririemacao.com\/1\/wp-json\/wp\/v2\/users\/1"}],"replies":[{"embeddable":true,"href":"https:\/\/www.caririemacao.com\/1\/wp-json\/wp\/v2\/comments?post=143030"}],"version-history":[{"count":1,"href":"https:\/\/www.caririemacao.com\/1\/wp-json\/wp\/v2\/posts\/143030\/revisions"}],"predecessor-version":[{"id":143032,"href":"https:\/\/www.caririemacao.com\/1\/wp-json\/wp\/v2\/posts\/143030\/revisions\/143032"}],"wp:featuredmedia":[{"embeddable":true,"href":"https:\/\/www.caririemacao.com\/1\/wp-json\/wp\/v2\/media\/143033"}],"wp:attachment":[{"href":"https:\/\/www.caririemacao.com\/1\/wp-json\/wp\/v2\/media?parent=143030"}],"wp:term":[{"taxonomy":"category","embeddable":true,"href":"https:\/\/www.caririemacao.com\/1\/wp-json\/wp\/v2\/categories?post=143030"},{"taxonomy":"post_tag","embeddable":true,"href":"https:\/\/www.caririemacao.com\/1\/wp-json\/wp\/v2\/tags?post=143030"}],"curies":[{"name":"wp","href":"https:\/\/api.w.org\/{rel}","templated":true}]}}