{"id":143036,"date":"2019-12-26T09:46:10","date_gmt":"2019-12-26T12:46:10","guid":{"rendered":"http:\/\/www.caririemacao.com\/1\/?p=143036"},"modified":"2019-12-26T09:46:10","modified_gmt":"2019-12-26T12:46:10","slug":"pb-recebe-recursos-de-fundo-ao-trabalhador","status":"publish","type":"post","link":"https:\/\/www.caririemacao.com\/1\/2019\/12\/26\/pb-recebe-recursos-de-fundo-ao-trabalhador\/","title":{"rendered":"PB recebe recursos de fundo ao trabalhador"},"content":{"rendered":"\n<p>Uma portaria publicada pelo governo federal no Di\u00e1rio da Uni\u00e3o tornou p\u00fablico a libera\u00e7\u00e3o de recursos do Sistema Nacional de Emprego (Sine), por meio do Fundo de Amparo ao Trabalhador (FAT), aos estados e munic\u00edpios.<\/p>\n\n\n\n<p>De acordo com o texto, a a\u00e7\u00e3o \u00e9 um&nbsp;cofinaciamento do bloco de servi\u00e7os de gest\u00e3o e manuten\u00e7\u00e3o da rede de atendimento do SINE, por meio de transfer\u00eancias autom\u00e1ticas aos respectivos fundos do trabalho dos Estados, do Distrito Federal e dos Munic\u00edpios.<\/p>\n\n\n\n<p>Habilitado, o estado da Para\u00edba receber\u00e1 recursos na ordem de R$ 775.829,09, enquanto os munic\u00edpios de Jo\u00e3o Pessoa e Campina Grande receber\u00e3o, respectivamente, R$ 144.198,22 e R$ 93.787,40, totalizando pouco mais de um milh\u00e3o de reais.<\/p>\n\n\n\n<p><strong>MaisPB<\/strong><\/p>\n","protected":false},"excerpt":{"rendered":"<p>Uma portaria publicada pelo governo federal no Di\u00e1rio da Uni\u00e3o tornou p\u00fablico a libera\u00e7\u00e3o de recursos do Sistema Nacional de Emprego (Sine), por meio do&hellip; <\/p>\n","protected":false},"author":1,"featured_media":143037,"comment_status":"closed","ping_status":"closed","sticky":false,"template":"","format":"standard","meta":{"sfsi_plus_gutenberg_text_before_share":"","sfsi_plus_gutenberg_show_text_before_share":"","sfsi_plus_gutenberg_icon_type":"","sfsi_plus_gutenberg_icon_alignemt":"","sfsi_plus_gutenburg_max_per_row":"","footnotes":""},"categories":[11],"tags":[],"class_list":["post-143036","post","type-post","status-publish","format-standard","has-post-thumbnail","hentry","category-politica"],"_links":{"self":[{"href":"https:\/\/www.caririemacao.com\/1\/wp-json\/wp\/v2\/posts\/143036","targetHints":{"allow":["GET"]}}],"collection":[{"href":"https:\/\/www.caririemacao.com\/1\/wp-json\/wp\/v2\/posts"}],"about":[{"href":"https:\/\/www.caririemacao.com\/1\/wp-json\/wp\/v2\/types\/post"}],"author":[{"embeddable":true,"href":"https:\/\/www.caririemacao.com\/1\/wp-json\/wp\/v2\/users\/1"}],"replies":[{"embeddable":true,"href":"https:\/\/www.caririemacao.com\/1\/wp-json\/wp\/v2\/comments?post=143036"}],"version-history":[{"count":1,"href":"https:\/\/www.caririemacao.com\/1\/wp-json\/wp\/v2\/posts\/143036\/revisions"}],"predecessor-version":[{"id":143038,"href":"https:\/\/www.caririemacao.com\/1\/wp-json\/wp\/v2\/posts\/143036\/revisions\/143038"}],"wp:featuredmedia":[{"embeddable":true,"href":"https:\/\/www.caririemacao.com\/1\/wp-json\/wp\/v2\/media\/143037"}],"wp:attachment":[{"href":"https:\/\/www.caririemacao.com\/1\/wp-json\/wp\/v2\/media?parent=143036"}],"wp:term":[{"taxonomy":"category","embeddable":true,"href":"https:\/\/www.caririemacao.com\/1\/wp-json\/wp\/v2\/categories?post=143036"},{"taxonomy":"post_tag","embeddable":true,"href":"https:\/\/www.caririemacao.com\/1\/wp-json\/wp\/v2\/tags?post=143036"}],"curies":[{"name":"wp","href":"https:\/\/api.w.org\/{rel}","templated":true}]}}