{"id":143041,"date":"2019-12-26T11:06:22","date_gmt":"2019-12-26T14:06:22","guid":{"rendered":"http:\/\/www.caririemacao.com\/1\/?p=143041"},"modified":"2019-12-26T11:06:22","modified_gmt":"2019-12-26T14:06:22","slug":"prefeito-eden-duarte-consegue-com-deputado-wellington-roberto-mais-um-onibus-escolar-para-o-municipio","status":"publish","type":"post","link":"https:\/\/www.caririemacao.com\/1\/2019\/12\/26\/prefeito-eden-duarte-consegue-com-deputado-wellington-roberto-mais-um-onibus-escolar-para-o-municipio\/","title":{"rendered":"Prefeito \u00c9den Duarte consegue com deputado Wellington Roberto mais um \u00f4nibus escolar para o munic\u00edpio"},"content":{"rendered":"\n<p>Ap\u00f3s anunciar a aquisi\u00e7\u00e3o de um novo \u00f4nibus escolar para o munic\u00edpio de Sum\u00e9, o prefeito \u00c9den Duarte anuncia novamente que o munic\u00edpio ganhar\u00e1 mais um \u00f4nibus zero quil\u00f4metro para a frota da Secretaria de Educa\u00e7\u00e3o. Desta vez conseguido com o deputado federal Wellington Roberto que acaba de indicar uma emenda para Sum\u00e9.<\/p>\n\n\n\n<p>Ser\u00e1 mais um transporte que levar\u00e1 conforto e seguran\u00e7a para os alunos da rede municipal de ensino, al\u00e9m de garantir o acesso \u00e0 educa\u00e7\u00e3o daqueles que residem na zona rural. <\/p>\n\n\n\n<p>O prefeito \u00c9den agradeceu ao deputado Wellington Roberto e declarou que ele deu mais uma demonstra\u00e7\u00e3o de seu trabalho em prol do munic\u00edpio de Sum\u00e9. <\/p>\n\n\n\n<p>Ele disse que Sum\u00e9 encerra o ano com estas duas conquistas para a Educa\u00e7\u00e3o, que s\u00e3o os dois novos ve\u00edculos, um garantido pelo senador Veneziano Vital e o outro pelo deputado federal Wellington Roberto. <\/p>\n\n\n\n<p>O prefeito tamb\u00e9m informou que em breve far\u00e1 o an\u00fancio de um grande investimento na \u00e1rea da Educa\u00e7\u00e3o, tamb\u00e9m conseguido pelo deputado federal Wellington Roberto.<\/p>\n","protected":false},"excerpt":{"rendered":"<p>Ap\u00f3s anunciar a aquisi\u00e7\u00e3o de um novo \u00f4nibus escolar para o munic\u00edpio de Sum\u00e9, o prefeito \u00c9den Duarte anuncia novamente que o munic\u00edpio ganhar\u00e1 mais&hellip; <\/p>\n","protected":false},"author":1,"featured_media":114405,"comment_status":"closed","ping_status":"closed","sticky":false,"template":"","format":"standard","meta":{"sfsi_plus_gutenberg_text_before_share":"","sfsi_plus_gutenberg_show_text_before_share":"","sfsi_plus_gutenberg_icon_type":"","sfsi_plus_gutenberg_icon_alignemt":"","sfsi_plus_gutenburg_max_per_row":"","footnotes":""},"categories":[2],"tags":[],"class_list":["post-143041","post","type-post","status-publish","format-standard","has-post-thumbnail","hentry","category-geral"],"_links":{"self":[{"href":"https:\/\/www.caririemacao.com\/1\/wp-json\/wp\/v2\/posts\/143041","targetHints":{"allow":["GET"]}}],"collection":[{"href":"https:\/\/www.caririemacao.com\/1\/wp-json\/wp\/v2\/posts"}],"about":[{"href":"https:\/\/www.caririemacao.com\/1\/wp-json\/wp\/v2\/types\/post"}],"author":[{"embeddable":true,"href":"https:\/\/www.caririemacao.com\/1\/wp-json\/wp\/v2\/users\/1"}],"replies":[{"embeddable":true,"href":"https:\/\/www.caririemacao.com\/1\/wp-json\/wp\/v2\/comments?post=143041"}],"version-history":[{"count":1,"href":"https:\/\/www.caririemacao.com\/1\/wp-json\/wp\/v2\/posts\/143041\/revisions"}],"predecessor-version":[{"id":143043,"href":"https:\/\/www.caririemacao.com\/1\/wp-json\/wp\/v2\/posts\/143041\/revisions\/143043"}],"wp:featuredmedia":[{"embeddable":true,"href":"https:\/\/www.caririemacao.com\/1\/wp-json\/wp\/v2\/media\/114405"}],"wp:attachment":[{"href":"https:\/\/www.caririemacao.com\/1\/wp-json\/wp\/v2\/media?parent=143041"}],"wp:term":[{"taxonomy":"category","embeddable":true,"href":"https:\/\/www.caririemacao.com\/1\/wp-json\/wp\/v2\/categories?post=143041"},{"taxonomy":"post_tag","embeddable":true,"href":"https:\/\/www.caririemacao.com\/1\/wp-json\/wp\/v2\/tags?post=143041"}],"curies":[{"name":"wp","href":"https:\/\/api.w.org\/{rel}","templated":true}]}}