{"id":143046,"date":"2019-12-26T11:09:49","date_gmt":"2019-12-26T14:09:49","guid":{"rendered":"http:\/\/www.caririemacao.com\/1\/?p=143046"},"modified":"2019-12-26T11:09:49","modified_gmt":"2019-12-26T14:09:49","slug":"prefeito-eden-duarte-faz-segunda-convocacao-dos-aprovados-no-concurso-publico-de-2019","status":"publish","type":"post","link":"https:\/\/www.caririemacao.com\/1\/2019\/12\/26\/prefeito-eden-duarte-faz-segunda-convocacao-dos-aprovados-no-concurso-publico-de-2019\/","title":{"rendered":"Prefeito \u00c9den Duarte faz segunda convoca\u00e7\u00e3o dos aprovados no Concurso P\u00fablico de 2019"},"content":{"rendered":"\n<p>A SECRETARIA DA ADMINISTRA\u00c7\u00c3O, em cumprimento ao que determina o artigo 37, inciso II, da Constitui\u00e7\u00e3o Federal e a Resolu\u00e7\u00e3o TC N\u00ba 103\/98, do Tribunal de Contas do Estado, e de acordo com o inciso II do art. 30 e os \u00a7\u00a7 1\u00ba e 4\u00ba do art. 37 da Lei Complementar n\u00ba 24, de 27 de novembro de 2013, torna p\u00fablico o presente&nbsp;<strong>EDITAL DE CONVOCA\u00c7\u00c3O n\u00ba 02<\/strong>&nbsp;dos candidatos aprovados e classificados no Concurso P\u00fablico, aberto pelo Edital n\u00ba 01\/2019 (e suas retifica\u00e7\u00f5es), destinado a selecionar candidatos para o provimento de cargos no Quadro Permanente de Pessoal da Administra\u00e7\u00e3o Direta do Poder Executivo, homologado em 13 de dezembro de 2019 e publicado no Boletim Oficial do Munic\u00edpio \u2013 Ano XVII, Edi\u00e7\u00e3o Extra de 13 de dezembro de 2019. Os convocados devem comparecer \u00e0 Secretaria da Administra\u00e7\u00e3o\/Setor de Recursos Humanos, localizada na Avenida Primeiro de Abril, n\u00ba 379, nesta cidade,&nbsp;<strong>em at\u00e9 30 (trinta) dias da data de publica\u00e7\u00e3o deste edital<\/strong>, apresentando os documentos exigidos (anexo) para a posse no cargo de:<\/p>\n\n\n\n<table class=\"wp-block-table\"><tbody><tr><td><strong>GRUPO OCUPACIONAL: SERVI\u00c7OS DE SA\u00daDE \u2013 SSA 600<\/strong><\/td><\/tr><tr><td><strong>ATIVIDADES DE N\u00cdVEL SUPERIOR \u2013 SSA-ANS-601<\/strong><\/td><\/tr><tr><td><strong>CIRURGI\u00c3O DENTISTA<\/strong><\/td><\/tr><tr><td><strong>COL.<\/strong><\/td><td><strong>INSC.<\/strong><\/td><td><strong>PORTARIA<\/strong><\/td><td><strong>NOME<\/strong><\/td><td><strong>S\u00cdMBOLO<\/strong><\/td><\/tr><tr><td>2\u00ba<\/td><td>27.1.1.28.1.1<\/td><td>5.972\/2019<\/td><td>LAURA ROBERTA PAES SAMPAIO<\/td><td>SSA-ANS-601.5<\/td><\/tr><tr><td>3\u00ba<\/td><td>27.1.1.15.1.1<\/td><td>5.973\/2019<\/td><td>EVEN MORGANA DA SILVA<\/td><td>SSA-ANS-601.5<\/td><\/tr><tr><td><strong>GRUPO OCUPACIONAL: MAGIST\u00c9RIO P\u00daBLICO MUNICIPAL \u2013 MAG-400<\/strong><\/td><\/tr><tr><td><strong>CATEGORIA PROFISSIONAL: PROFESSOR FUNDAMENTAL II<\/strong><\/td><\/tr><tr><td><strong>HABILITA\u00c7\u00c3O: CI\u00caNCIAS EXATAS E DA NATUREZA<\/strong><\/td><\/tr><tr><td><strong>COL.<\/strong><\/td><td><strong>INSC.<\/strong><\/td><td><strong>PORTARIA<\/strong><\/td><td><strong>NOME<\/strong><\/td><td><strong>S\u00cdMBOLO<\/strong><\/td><\/tr><tr><td>1\u00ba<\/td><td>27.1.6.18.1.1<\/td><td>5.975\/2019<\/td><td>FRANCISCA MARIA BARBOSA<\/td><td>402.14<\/td><\/tr><tr><td><strong>HABILITA\u00c7\u00c3O: CI\u00caNCIAS HUMANAS E SOCIAIS<\/strong><\/td><\/tr><tr><td><strong>COL.<\/strong><\/td><td><strong>INSC.<\/strong><\/td><td><strong>PORTARIA<\/strong><\/td><td><strong>NOME<\/strong><\/td><td><strong>S\u00cdMBOLO<\/strong><\/td><\/tr><tr><td>1\u00ba<\/td><td>27.1.7.13.1.1<\/td><td>5.976\/2019<\/td><td>NATANAEL ALAN DE SOUZA SILVA<\/td><td>402.15<\/td><\/tr><tr><td><strong>HABILITA\u00c7\u00c3O: LINGUAGENS E C\u00d3DIGOS<\/strong><\/td><\/tr><tr><td><strong>COL.<\/strong><\/td><td><strong>INSC.<\/strong><\/td><td><strong>PORTARIA<\/strong><\/td><td><strong>NOME<\/strong><\/td><td><strong>S\u00cdMBOLO<\/strong><\/td><\/tr><tr><td>1\u00ba<\/td><td>27.1.7.18.1.1<\/td><td>5.977\/2019<\/td><td>AMANDA ARA\u00daJO DOS SANTOS<\/td><td>402.16<\/td><\/tr><\/tbody><\/table>\n\n\n\n<p>Sum\u00e9 (PB), 26 de dezembro de 2019<\/p>\n\n\n\n<p><strong>BON\u00cdLSON TIM\u00d3TEO MENDON\u00c7A DE LIMA<\/strong><\/p>\n\n\n\n<p>Secret\u00e1rio da Administra\u00e7\u00e3o<\/p>\n\n\n\n<p><strong>CHECK LIST EXIGIDO EM POSSE (c\u00f3pias autenticadas)<\/strong><\/p>\n\n\n\n<p>CERTID\u00c3O NASCIMENTO OU CASAMENTO (Autenticada);<\/p>\n\n\n\n<ol class=\"wp-block-list\"><li>CERTID\u00c3O INSCRI\u00c7\u00c3O PIS\/PASEP (Caso ainda n\u00e3o possua, o RH ir\u00e1, no ato da posse, fornecer formul\u00e1rio preenchido com seus dados, para solicita\u00e7\u00e3o junto ao Banco do Brasil) \u2013 N\u00c3O SERVE NIS;<\/li><li>REGULARIZA\u00c7\u00c3O DO SERVI\u00c7O MILITAR \u2013 Sexo masculino (autenticada);<\/li><li>DECLARA\u00c7\u00c3O DE BENS E VALORES;<\/li><li>COMPROVA\u00c7\u00c3O DE ESCOLARIDADE EXIGIDA (Autenticada);<\/li><li>DECLARA\u00c7\u00c3O EXPRESSA DE ACUMULA\u00c7\u00c3O, OU N\u00c3O, DE CARGO OU APOSENTADORIA, CASO POSSUA (Com denomina\u00e7\u00e3o do cargo, a carga hor\u00e1ria e o ente publico de lota\u00e7\u00e3o, se tiver outro v\u00ednculo);<\/li><li>T\u00cdTULO DE ELEITOR COM COMPROVANTE DE QUITA\u00c7\u00c3O ELEITORAL (Autenticada);<\/li><li>CPF (Autenticada);<\/li><li>RG (autenticada);<\/li><li>CERTID\u00c3O DOS FOROS CRIMINAIS (Federal e Estadual) obtido na INTERNET;<\/li><li>CARTEIRA DE TRABALHO \u2013 CTPS (Autenticada).<\/li><li>CERTID\u00c3O DE NASCIMENTO DOS FILHOS SE TIVER (Autenticada);<\/li><li>DUAS FOTOS 3X4 RECENTES;<\/li><li>COMPROVANTE DE RESID\u00caNCIA;<\/li><li>N\u00daMEROS TELEF\u00d4NICOS PARA CONTATO;<\/li><li>CPF DO PAI OU DA M\u00c3E (se vivos);<\/li><li>LAUDO DE APTID\u00c3O F\u00cdSICA (Fornecido por Cl\u00ednico Geral);<\/li><li>LAUDO MENTAL (Fornecido por M\u00e9dico Psiquiatra);<\/li><li>LAUDO MENTAL (Fornecido por M\u00e9dico Psiquiatra);<\/li><li>&nbsp;EXAMES:<ul><li>ELETROENCEFALOGRAMA (Com Laudo);<\/li><li>BACILOSCOPIA EM MYCOBATRIUM TUBERCLOSIS (Com Laudo);<\/li><li>RAIOS X DE T\u00d3RAX (Com Laudo).<strong>OBS:<\/strong>&nbsp;Todos os exames dever\u00e3o ser apresentados a Junta M\u00e9dica Oficial do Munic\u00edpio (JMM), no Hospital e Maternidade Alice de Almeida (\u00c1rea Administrativa) acompanhados dos laudos para parecer final. Apresentar na posse, apenas o laudo da JMM e laudos cl\u00ednico e mental.<\/li><\/ul><\/li><\/ol>\n","protected":false},"excerpt":{"rendered":"<p>A SECRETARIA DA ADMINISTRA\u00c7\u00c3O, em cumprimento ao que determina o artigo 37, inciso II, da Constitui\u00e7\u00e3o Federal e a Resolu\u00e7\u00e3o TC N\u00ba 103\/98, do Tribunal&hellip; <\/p>\n","protected":false},"author":1,"featured_media":47456,"comment_status":"closed","ping_status":"closed","sticky":false,"template":"","format":"standard","meta":{"sfsi_plus_gutenberg_text_before_share":"","sfsi_plus_gutenberg_show_text_before_share":"","sfsi_plus_gutenberg_icon_type":"","sfsi_plus_gutenberg_icon_alignemt":"","sfsi_plus_gutenburg_max_per_row":"","footnotes":""},"categories":[6],"tags":[],"class_list":["post-143046","post","type-post","status-publish","format-standard","has-post-thumbnail","hentry","category-cidades"],"_links":{"self":[{"href":"https:\/\/www.caririemacao.com\/1\/wp-json\/wp\/v2\/posts\/143046","targetHints":{"allow":["GET"]}}],"collection":[{"href":"https:\/\/www.caririemacao.com\/1\/wp-json\/wp\/v2\/posts"}],"about":[{"href":"https:\/\/www.caririemacao.com\/1\/wp-json\/wp\/v2\/types\/post"}],"author":[{"embeddable":true,"href":"https:\/\/www.caririemacao.com\/1\/wp-json\/wp\/v2\/users\/1"}],"replies":[{"embeddable":true,"href":"https:\/\/www.caririemacao.com\/1\/wp-json\/wp\/v2\/comments?post=143046"}],"version-history":[{"count":1,"href":"https:\/\/www.caririemacao.com\/1\/wp-json\/wp\/v2\/posts\/143046\/revisions"}],"predecessor-version":[{"id":143047,"href":"https:\/\/www.caririemacao.com\/1\/wp-json\/wp\/v2\/posts\/143046\/revisions\/143047"}],"wp:featuredmedia":[{"embeddable":true,"href":"https:\/\/www.caririemacao.com\/1\/wp-json\/wp\/v2\/media\/47456"}],"wp:attachment":[{"href":"https:\/\/www.caririemacao.com\/1\/wp-json\/wp\/v2\/media?parent=143046"}],"wp:term":[{"taxonomy":"category","embeddable":true,"href":"https:\/\/www.caririemacao.com\/1\/wp-json\/wp\/v2\/categories?post=143046"},{"taxonomy":"post_tag","embeddable":true,"href":"https:\/\/www.caririemacao.com\/1\/wp-json\/wp\/v2\/tags?post=143046"}],"curies":[{"name":"wp","href":"https:\/\/api.w.org\/{rel}","templated":true}]}}