{"id":143056,"date":"2019-12-26T13:48:45","date_gmt":"2019-12-26T16:48:45","guid":{"rendered":"http:\/\/www.caririemacao.com\/1\/?p=143056"},"modified":"2019-12-26T13:48:45","modified_gmt":"2019-12-26T16:48:45","slug":"governo-define-calendario-de-pagamento-dos-servidores-estaduais","status":"publish","type":"post","link":"https:\/\/www.caririemacao.com\/1\/2019\/12\/26\/governo-define-calendario-de-pagamento-dos-servidores-estaduais\/","title":{"rendered":"Governo define calend\u00e1rio de pagamento dos servidores estaduais"},"content":{"rendered":"\n<p>O pagamento da folha de dezembro dos servidores estaduais come\u00e7a nesta sexta-feira (27), quando recebem inativos e pensionistas. J\u00e1 na segunda-feira (30), ser\u00e1 efetuado o pagamento dos servidores da ativa, incluindo da administra\u00e7\u00e3o direta e indireta.<\/p>\n\n\n\n<p>Nesta \u00faltima etapa do calend\u00e1rio de pagamento de fim de ano, ser\u00e3o injetados R$ 315 milh\u00f5es na economia.<\/p>\n\n\n\n<p>Ao todo, em um per\u00edodo de 30 dias, o Governo do Estado injetou na economia paraibana R$ 978 milh\u00f5es, incluindo o pagamento da folha de novembro, a segunda parcela do 13\u00ba sal\u00e1rio e a folha de dezembro.<\/p>\n\n\n\n<p>No Programa \u201cFala Governador\u201d, transmitido na segunda-feira (23) em rede estadual de r\u00e1dio, o governador Jo\u00e3o Azev\u00eado destacou a import\u00e2ncia dos recursos para a economia paraibana.<\/p>\n\n\n\n<p>\u201cPagamos, em 30 dias, a folha de novembro, pagamos a segunda parcela do d\u00e9cimo terceiro, e pagaremos agora, nos dias 27 e 30, a folha de dezembro. Tudo isso injeta na economia valores significativos\u201d, disse, ressaltando a rela\u00e7\u00e3o entre a folha de pessoal em dia e indicadores como o saldo positivo de empregos registrado na Para\u00edba no m\u00eas de novembro, assim como o pagamento do abono natalino do Bolsa Fam\u00edlia e dos Pr\u00eamios Escola de Valor e Mestres em Educa\u00e7\u00e3o.<\/p>\n\n\n\n<p><strong>Calend\u00e1rio\/Folha de dezembro<\/strong><br>27\/12 \u2013&nbsp;aposentados e pensionistas<br>30\/12 \u2013&nbsp;servidores da ativa (administra\u00e7\u00e3o direta e indireta)<\/p>\n","protected":false},"excerpt":{"rendered":"<p>O pagamento da folha de dezembro dos servidores estaduais come\u00e7a nesta sexta-feira (27), quando recebem inativos e pensionistas. J\u00e1 na segunda-feira (30), ser\u00e1 efetuado o&hellip; <\/p>\n","protected":false},"author":1,"featured_media":39114,"comment_status":"closed","ping_status":"closed","sticky":false,"template":"","format":"standard","meta":{"sfsi_plus_gutenberg_text_before_share":"","sfsi_plus_gutenberg_show_text_before_share":"","sfsi_plus_gutenberg_icon_type":"","sfsi_plus_gutenberg_icon_alignemt":"","sfsi_plus_gutenburg_max_per_row":"","footnotes":""},"categories":[11],"tags":[],"class_list":["post-143056","post","type-post","status-publish","format-standard","has-post-thumbnail","hentry","category-politica"],"_links":{"self":[{"href":"https:\/\/www.caririemacao.com\/1\/wp-json\/wp\/v2\/posts\/143056","targetHints":{"allow":["GET"]}}],"collection":[{"href":"https:\/\/www.caririemacao.com\/1\/wp-json\/wp\/v2\/posts"}],"about":[{"href":"https:\/\/www.caririemacao.com\/1\/wp-json\/wp\/v2\/types\/post"}],"author":[{"embeddable":true,"href":"https:\/\/www.caririemacao.com\/1\/wp-json\/wp\/v2\/users\/1"}],"replies":[{"embeddable":true,"href":"https:\/\/www.caririemacao.com\/1\/wp-json\/wp\/v2\/comments?post=143056"}],"version-history":[{"count":1,"href":"https:\/\/www.caririemacao.com\/1\/wp-json\/wp\/v2\/posts\/143056\/revisions"}],"predecessor-version":[{"id":143059,"href":"https:\/\/www.caririemacao.com\/1\/wp-json\/wp\/v2\/posts\/143056\/revisions\/143059"}],"wp:featuredmedia":[{"embeddable":true,"href":"https:\/\/www.caririemacao.com\/1\/wp-json\/wp\/v2\/media\/39114"}],"wp:attachment":[{"href":"https:\/\/www.caririemacao.com\/1\/wp-json\/wp\/v2\/media?parent=143056"}],"wp:term":[{"taxonomy":"category","embeddable":true,"href":"https:\/\/www.caririemacao.com\/1\/wp-json\/wp\/v2\/categories?post=143056"},{"taxonomy":"post_tag","embeddable":true,"href":"https:\/\/www.caririemacao.com\/1\/wp-json\/wp\/v2\/tags?post=143056"}],"curies":[{"name":"wp","href":"https:\/\/api.w.org\/{rel}","templated":true}]}}