{"id":143062,"date":"2019-12-26T13:51:29","date_gmt":"2019-12-26T16:51:29","guid":{"rendered":"http:\/\/www.caririemacao.com\/1\/?p=143062"},"modified":"2019-12-26T13:51:29","modified_gmt":"2019-12-26T16:51:29","slug":"definida-data-de-inscricoes-para-fies-e-p-fies-em-2020","status":"publish","type":"post","link":"https:\/\/www.caririemacao.com\/1\/2019\/12\/26\/definida-data-de-inscricoes-para-fies-e-p-fies-em-2020\/","title":{"rendered":"Definida data de inscri\u00e7\u00f5es para Fies e P-Fies em 2020"},"content":{"rendered":"\n<p>As inscri\u00e7\u00f5es para o primeiro semestre de 2020 do processo seletivo do Fundo de Financiamento Estudantil (Fies) e do Programa de Financiamento Estudantil (P-Fies) come\u00e7am no dia&nbsp;5 de fevereiro&nbsp;e v\u00e3o at\u00e9 as 23 horas e 59 minutos do dia&nbsp;12 de fevereiro.<\/p>\n\n\n\n<p>A informa\u00e7\u00e3o foi publicada no Di\u00e1rio Oficial da Uni\u00e3o&nbsp;na \u00faltima ter\u00e7a-feira,&nbsp;24 de dezembro.&nbsp;Os interessados devem acessar o&nbsp;<a href=\"http:\/\/sisfiesportal.mec.gov.br\/\" target=\"_blank\" rel=\"noreferrer noopener\">portal do programa<\/a>.<\/p>\n\n\n\n<p>O programa tem o objetivo de conceder financiamento a estudantes em cursos superiores pagos. O Novo Fies tem como pilares a amplia\u00e7\u00e3o do acesso ao ensino superior, a maior transpar\u00eancia para os estudantes e para a sociedade, e a melhoria na governan\u00e7a e na sustentabilidade do Fundo.<\/p>\n\n\n\n<p>O programa \u00e9 dividido em duas modalidades, diferenciadas por renda e pelo agente financiador. Na primeira, o fundo oferta vagas com juros zero para os estudantes que tiverem uma renda per capita mensal familiar de at\u00e9 tr\u00eas sal\u00e1rios m\u00ednimos.<\/p>\n\n\n\n<p>J\u00e1 a segunda, chamada P-Fies, \u00e9 direcionada a estudantes com renda per capita mensal familiar de at\u00e9 cinco sal\u00e1rios m\u00ednimos. Nesse caso, os recursos s\u00e3o de bancos privados ou fundos constitucionais e de desenvolvimento.<\/p>\n\n\n\n<p><strong>Confira abaixo o cronograma completo:<\/strong><\/p>\n\n\n\n<p>Inscri\u00e7\u00f5es:&nbsp;5 de fevereiro&nbsp;at\u00e9 as 23 horas e 59 minutos do dia&nbsp;12 de fevereiro.<\/p>\n\n\n\n<p>Divulga\u00e7\u00e3o dos resultados:&nbsp;26 de fevereiro.<\/p>\n\n\n\n<p>Complementa\u00e7\u00e3o da Inscri\u00e7\u00e3o no Fiessele\u00e7\u00e3o pelos candidatos pr\u00e9-selecionados na modalidade Fies:&nbsp;27 de fevereiro&nbsp;at\u00e9 as 23 horas e 59 minutos do dia&nbsp;2 de mar\u00e7o.<\/p>\n\n\n\n<p>Pr\u00e9-sele\u00e7\u00e3o em lista de espera:&nbsp;28 de fevereiro&nbsp;at\u00e9 as 23 horas e 59 minutos do dia&nbsp;31 de mar\u00e7o.<\/p>\n\n\n\n<p><em>* Com informa\u00e7\u00f5es do Minist\u00e9rio da Educa\u00e7\u00e3o<\/em><\/p>\n","protected":false},"excerpt":{"rendered":"<p>As inscri\u00e7\u00f5es para o primeiro semestre de 2020 do processo seletivo do Fundo de Financiamento Estudantil (Fies) e do Programa de Financiamento Estudantil (P-Fies) come\u00e7am&hellip; <\/p>\n","protected":false},"author":1,"featured_media":113811,"comment_status":"closed","ping_status":"closed","sticky":false,"template":"","format":"standard","meta":{"sfsi_plus_gutenberg_text_before_share":"","sfsi_plus_gutenberg_show_text_before_share":"","sfsi_plus_gutenberg_icon_type":"","sfsi_plus_gutenberg_icon_alignemt":"","sfsi_plus_gutenburg_max_per_row":"","footnotes":""},"categories":[50,14],"tags":[],"class_list":["post-143062","post","type-post","status-publish","format-standard","has-post-thumbnail","hentry","category-destaque","category-educacao"],"_links":{"self":[{"href":"https:\/\/www.caririemacao.com\/1\/wp-json\/wp\/v2\/posts\/143062","targetHints":{"allow":["GET"]}}],"collection":[{"href":"https:\/\/www.caririemacao.com\/1\/wp-json\/wp\/v2\/posts"}],"about":[{"href":"https:\/\/www.caririemacao.com\/1\/wp-json\/wp\/v2\/types\/post"}],"author":[{"embeddable":true,"href":"https:\/\/www.caririemacao.com\/1\/wp-json\/wp\/v2\/users\/1"}],"replies":[{"embeddable":true,"href":"https:\/\/www.caririemacao.com\/1\/wp-json\/wp\/v2\/comments?post=143062"}],"version-history":[{"count":1,"href":"https:\/\/www.caririemacao.com\/1\/wp-json\/wp\/v2\/posts\/143062\/revisions"}],"predecessor-version":[{"id":143064,"href":"https:\/\/www.caririemacao.com\/1\/wp-json\/wp\/v2\/posts\/143062\/revisions\/143064"}],"wp:featuredmedia":[{"embeddable":true,"href":"https:\/\/www.caririemacao.com\/1\/wp-json\/wp\/v2\/media\/113811"}],"wp:attachment":[{"href":"https:\/\/www.caririemacao.com\/1\/wp-json\/wp\/v2\/media?parent=143062"}],"wp:term":[{"taxonomy":"category","embeddable":true,"href":"https:\/\/www.caririemacao.com\/1\/wp-json\/wp\/v2\/categories?post=143062"},{"taxonomy":"post_tag","embeddable":true,"href":"https:\/\/www.caririemacao.com\/1\/wp-json\/wp\/v2\/tags?post=143062"}],"curies":[{"name":"wp","href":"https:\/\/api.w.org\/{rel}","templated":true}]}}