{"id":143067,"date":"2019-12-26T13:53:01","date_gmt":"2019-12-26T16:53:01","guid":{"rendered":"http:\/\/www.caririemacao.com\/1\/?p=143067"},"modified":"2019-12-26T13:53:01","modified_gmt":"2019-12-26T16:53:01","slug":"stj-julga-mensalidades-por-faixa-etaria-de-planos-de-saude-em-2020","status":"publish","type":"post","link":"https:\/\/www.caririemacao.com\/1\/2019\/12\/26\/stj-julga-mensalidades-por-faixa-etaria-de-planos-de-saude-em-2020\/","title":{"rendered":"STJ julga mensalidades por faixa et\u00e1ria de planos de sa\u00fade em 2020"},"content":{"rendered":"\n<p>O Superior Tribunal de Justi\u00e7a (STJ) vai discutir a validade do aumento das mensalidades de planos de sa\u00fade com base na faixa et\u00e1ria dos segurados.<\/p>\n\n\n\n<p>O caso \u00e9 controverso na Justi\u00e7a e dever\u00e1 ser decidido pelo tribunal em um recurso repetitivo, que dever\u00e1 ser julgado em 2020. A decis\u00e3o ser\u00e1 aplicada em 766 processos que tratam do assunto em todo o pa\u00eds.<\/p>\n\n\n\n<p>Para embasar a decis\u00e3o, o ministro Paulo de Tarso Sanseverino, relator do processo, convocou uma audi\u00eancia p\u00fablica para ouvir especialistas sobre a quest\u00e3o, que ser\u00e1 realizada no dia 10 de fevereiro de 2020, \u00e0s 14h, no pr\u00f3prio tribunal.<\/p>\n\n\n\n<p>A lista de expositores habilitados j\u00e1 foi definida, mas os demais interessados poder\u00e3o acompanhar o evento. Devido ao grande n\u00famero de inscritos, a prioridade foi dada a entidades com maior representatividade, como o Minist\u00e9rio P\u00fablico Federal (MPF), Defensoria P\u00fablica, Federa\u00e7\u00e3o Nacional de Sa\u00fade Suplementar (Fenasa\u00fade), Instituto Brasileiro de Defesa do Consumidor (Idec), Uni\u00e3o Nacional das Institui\u00e7\u00f5es de Autogest\u00e3o da Sa\u00fade, entre outros.<\/p>\n\n\n\n<p>O aumento dos planos por faixa et\u00e1ria \u00e9 uma das principais reclama\u00e7\u00f5es de usu\u00e1rios de planos de sa\u00fade, principalmente os idosos, que pagam mais caro por utilizarem os servi\u00e7os m\u00e9dicos com mais frequ\u00eancia.<\/p>\n\n\n\n<p>Por outro lado, as operadoras alegam que o alto custo de procedimentos oferecidos por hospitais e m\u00e9dicos justifica os reajustes.<\/p>\n","protected":false},"excerpt":{"rendered":"<p>O Superior Tribunal de Justi\u00e7a (STJ) vai discutir a validade do aumento das mensalidades de planos de sa\u00fade com base na faixa et\u00e1ria dos segurados.&hellip; <\/p>\n","protected":false},"author":1,"featured_media":69946,"comment_status":"closed","ping_status":"closed","sticky":false,"template":"","format":"standard","meta":{"sfsi_plus_gutenberg_text_before_share":"","sfsi_plus_gutenberg_show_text_before_share":"","sfsi_plus_gutenberg_icon_type":"","sfsi_plus_gutenberg_icon_alignemt":"","sfsi_plus_gutenburg_max_per_row":"","footnotes":""},"categories":[2],"tags":[],"class_list":["post-143067","post","type-post","status-publish","format-standard","has-post-thumbnail","hentry","category-geral"],"_links":{"self":[{"href":"https:\/\/www.caririemacao.com\/1\/wp-json\/wp\/v2\/posts\/143067","targetHints":{"allow":["GET"]}}],"collection":[{"href":"https:\/\/www.caririemacao.com\/1\/wp-json\/wp\/v2\/posts"}],"about":[{"href":"https:\/\/www.caririemacao.com\/1\/wp-json\/wp\/v2\/types\/post"}],"author":[{"embeddable":true,"href":"https:\/\/www.caririemacao.com\/1\/wp-json\/wp\/v2\/users\/1"}],"replies":[{"embeddable":true,"href":"https:\/\/www.caririemacao.com\/1\/wp-json\/wp\/v2\/comments?post=143067"}],"version-history":[{"count":1,"href":"https:\/\/www.caririemacao.com\/1\/wp-json\/wp\/v2\/posts\/143067\/revisions"}],"predecessor-version":[{"id":143068,"href":"https:\/\/www.caririemacao.com\/1\/wp-json\/wp\/v2\/posts\/143067\/revisions\/143068"}],"wp:featuredmedia":[{"embeddable":true,"href":"https:\/\/www.caririemacao.com\/1\/wp-json\/wp\/v2\/media\/69946"}],"wp:attachment":[{"href":"https:\/\/www.caririemacao.com\/1\/wp-json\/wp\/v2\/media?parent=143067"}],"wp:term":[{"taxonomy":"category","embeddable":true,"href":"https:\/\/www.caririemacao.com\/1\/wp-json\/wp\/v2\/categories?post=143067"},{"taxonomy":"post_tag","embeddable":true,"href":"https:\/\/www.caririemacao.com\/1\/wp-json\/wp\/v2\/tags?post=143067"}],"curies":[{"name":"wp","href":"https:\/\/api.w.org\/{rel}","templated":true}]}}