{"id":143080,"date":"2019-12-26T14:00:04","date_gmt":"2019-12-26T17:00:04","guid":{"rendered":"http:\/\/www.caririemacao.com\/1\/?p=143080"},"modified":"2019-12-26T14:00:04","modified_gmt":"2019-12-26T17:00:04","slug":"prefeitura-de-sao-sebastiao-do-umbuzeiro-promove-pedal-solidario-em-prol-do-hospital-da-fap","status":"publish","type":"post","link":"https:\/\/www.caririemacao.com\/1\/2019\/12\/26\/prefeitura-de-sao-sebastiao-do-umbuzeiro-promove-pedal-solidario-em-prol-do-hospital-da-fap\/","title":{"rendered":"Prefeitura de S\u00e3o Sebasti\u00e3o do Umbuzeiro promove PEDAL SOLID\u00c1RIO em prol do hospital da FAP"},"content":{"rendered":"\n<p>A Prefeitura Municipal de S\u00e3o Sebasti\u00e3o do Umbuzeiro est\u00e1 promovendo uma importante a\u00e7\u00e3o que vai aliar a sa\u00fade e o bem estar \u00e0 solidariedade.<\/p>\n\n\n\n<p><br>No dia 16 de Fevereiro vai acontecer o PEDAL SOLID\u00c1RIO DE SS DO UMBUZEIRO.<br>O evento ter\u00e1 40 kilometros de percurso, com 03 pontos de hidrata\u00e7\u00e3o e os participantes v\u00e3o receber um kit ciclista bastante completo.<\/p>\n\n\n\n<p><br>As inscri\u00e7\u00f5es j\u00e1 est\u00e3o abertas e custam 50 reais, lembrando que todo o dinheiro arrecadado ser\u00e1 convertido em doa\u00e7\u00e3o para o hospital da FAP.<\/p>\n\n\n\n<p><br>As inscri\u00e7\u00f5es podem ser feitas pela internet at\u00e9 o dia 16 de Janeiro, pelo endere\u00e7o:\u00a0<a href=\"http:\/\/www.hospitaldafap.org.br\/pedalumbuzeiro\">http:\/\/www.hospitaldafap.org.br\/pedalumbuzeiro<\/a><br><\/p>\n\n\n\n<p>O PEDAL SOLID\u00c1RIO DE SS DO UMBUZEIRO \u00e9 uma realiza\u00e7\u00e3o da Prefeitura Municipal, com o apoio do grupo de pedal Na Sombra do Umbuzeiro, Equipe 100 Destino e da FAMUP- Federa\u00e7\u00e3o das associa\u00e7\u00f5es de munic\u00edpios da Para\u00edba.<br><\/p>\n\n\n\n<p>F\u00c1BIO BRITO<\/p>\n","protected":false},"excerpt":{"rendered":"<p>A Prefeitura Municipal de S\u00e3o Sebasti\u00e3o do Umbuzeiro est\u00e1 promovendo uma importante a\u00e7\u00e3o que vai aliar a sa\u00fade e o bem estar \u00e0 solidariedade. No&hellip; <\/p>\n","protected":false},"author":1,"featured_media":143081,"comment_status":"closed","ping_status":"closed","sticky":false,"template":"","format":"standard","meta":{"sfsi_plus_gutenberg_text_before_share":"","sfsi_plus_gutenberg_show_text_before_share":"","sfsi_plus_gutenberg_icon_type":"","sfsi_plus_gutenberg_icon_alignemt":"","sfsi_plus_gutenburg_max_per_row":"","footnotes":""},"categories":[6],"tags":[],"class_list":["post-143080","post","type-post","status-publish","format-standard","has-post-thumbnail","hentry","category-cidades"],"_links":{"self":[{"href":"https:\/\/www.caririemacao.com\/1\/wp-json\/wp\/v2\/posts\/143080","targetHints":{"allow":["GET"]}}],"collection":[{"href":"https:\/\/www.caririemacao.com\/1\/wp-json\/wp\/v2\/posts"}],"about":[{"href":"https:\/\/www.caririemacao.com\/1\/wp-json\/wp\/v2\/types\/post"}],"author":[{"embeddable":true,"href":"https:\/\/www.caririemacao.com\/1\/wp-json\/wp\/v2\/users\/1"}],"replies":[{"embeddable":true,"href":"https:\/\/www.caririemacao.com\/1\/wp-json\/wp\/v2\/comments?post=143080"}],"version-history":[{"count":1,"href":"https:\/\/www.caririemacao.com\/1\/wp-json\/wp\/v2\/posts\/143080\/revisions"}],"predecessor-version":[{"id":143082,"href":"https:\/\/www.caririemacao.com\/1\/wp-json\/wp\/v2\/posts\/143080\/revisions\/143082"}],"wp:featuredmedia":[{"embeddable":true,"href":"https:\/\/www.caririemacao.com\/1\/wp-json\/wp\/v2\/media\/143081"}],"wp:attachment":[{"href":"https:\/\/www.caririemacao.com\/1\/wp-json\/wp\/v2\/media?parent=143080"}],"wp:term":[{"taxonomy":"category","embeddable":true,"href":"https:\/\/www.caririemacao.com\/1\/wp-json\/wp\/v2\/categories?post=143080"},{"taxonomy":"post_tag","embeddable":true,"href":"https:\/\/www.caririemacao.com\/1\/wp-json\/wp\/v2\/tags?post=143080"}],"curies":[{"name":"wp","href":"https:\/\/api.w.org\/{rel}","templated":true}]}}