{"id":143085,"date":"2019-12-26T14:01:54","date_gmt":"2019-12-26T17:01:54","guid":{"rendered":"http:\/\/www.caririemacao.com\/1\/?p=143085"},"modified":"2019-12-26T14:01:54","modified_gmt":"2019-12-26T17:01:54","slug":"prefeitura-de-camalau-realiza-grande-festa-para-as-criancas-e-familias-com-a-presenca-do-papai-noel","status":"publish","type":"post","link":"https:\/\/www.caririemacao.com\/1\/2019\/12\/26\/prefeitura-de-camalau-realiza-grande-festa-para-as-criancas-e-familias-com-a-presenca-do-papai-noel\/","title":{"rendered":"Prefeitura de Camala\u00fa realiza grande festa para as crian\u00e7as e fam\u00edlias com a presen\u00e7a do papai Noel"},"content":{"rendered":"\n<figure class=\"wp-block-image\"><a href=\"https:\/\/1.bp.blogspot.com\/-xB68izP_i64\/XgTGX6jRmhI\/AAAAAAAAHRI\/dVa-DRJhmokWr4Q1-7dpqFftDcvxANqrACLcBGAsYHQ\/s1600\/11111.jpg\"><img decoding=\"async\" data-src=\"https:\/\/1.bp.blogspot.com\/-xB68izP_i64\/XgTGX6jRmhI\/AAAAAAAAHRI\/dVa-DRJhmokWr4Q1-7dpqFftDcvxANqrACLcBGAsYHQ\/s280\/11111.jpg\" alt=\"\" src=\"data:image\/svg+xml;base64,PHN2ZyB3aWR0aD0iMSIgaGVpZ2h0PSIxIiB4bWxucz0iaHR0cDovL3d3dy53My5vcmcvMjAwMC9zdmciPjwvc3ZnPg==\" class=\"lazyload\" \/><\/a><\/figure>\n\n\n\n<p>A prefeitura municipal de Camala\u00fa realizou uma grande festa de Natal para a comunidade local, em especial as crian\u00e7as.<br>A festa foi realizada na Pra\u00e7a de Eventos e contou com a presen\u00e7a de milhares de pessoas, em especial as crian\u00e7as com seus pais e familiares.<\/p>\n\n\n\n<p><br>O prefeito Sandro M\u00f4co, o vice prefeito Kiel, os vereadores da base e toda a equipe administrativa participaram do evento ativamente e ficaram extremamente satisfeitos por poder proporcionar todos aqueles momentos de alegria e de encantamento entre os participantes.<\/p>\n\n\n\n<p><br>Na programa\u00e7\u00e3o, houve a entrega de centenas de presentes, distribui\u00e7\u00e3o de lanches e brindes, brincadeiras, m\u00fasica, alegria e \u00e9 claro que n\u00e3o poderia faltar a presen\u00e7a do \u201cbom velhinho\u201d.<\/p>\n\n\n\n<p><br>O Papai Noel marcou presen\u00e7a para a alegria da garotada, tirou fotos, distribuiu presentes e alegria e fez a maior divers\u00e3o para a crian\u00e7ada presente.<\/p>\n\n\n\n<p><br>\u201cEnquanto estivermos na gest\u00e3o nunca deixaremos faltar motivos para provocar esta alegria, e receber estes sorrisos sinceros de encantamento de nossas fam\u00edlias camalauense em troca. Feliz Natal a todos\u201d, disse o prefeito Sandro.<\/p>\n\n\n\n<p>F\u00c1BIO BRITO<\/p>\n","protected":false},"excerpt":{"rendered":"<p>A prefeitura municipal de Camala\u00fa realizou uma grande festa de Natal para a comunidade local, em especial as crian\u00e7as.A festa foi realizada na Pra\u00e7a de&hellip; <\/p>\n","protected":false},"author":1,"featured_media":143086,"comment_status":"closed","ping_status":"closed","sticky":false,"template":"","format":"standard","meta":{"sfsi_plus_gutenberg_text_before_share":"","sfsi_plus_gutenberg_show_text_before_share":"","sfsi_plus_gutenberg_icon_type":"","sfsi_plus_gutenberg_icon_alignemt":"","sfsi_plus_gutenburg_max_per_row":"","footnotes":""},"categories":[2],"tags":[],"class_list":["post-143085","post","type-post","status-publish","format-standard","has-post-thumbnail","hentry","category-geral"],"_links":{"self":[{"href":"https:\/\/www.caririemacao.com\/1\/wp-json\/wp\/v2\/posts\/143085","targetHints":{"allow":["GET"]}}],"collection":[{"href":"https:\/\/www.caririemacao.com\/1\/wp-json\/wp\/v2\/posts"}],"about":[{"href":"https:\/\/www.caririemacao.com\/1\/wp-json\/wp\/v2\/types\/post"}],"author":[{"embeddable":true,"href":"https:\/\/www.caririemacao.com\/1\/wp-json\/wp\/v2\/users\/1"}],"replies":[{"embeddable":true,"href":"https:\/\/www.caririemacao.com\/1\/wp-json\/wp\/v2\/comments?post=143085"}],"version-history":[{"count":1,"href":"https:\/\/www.caririemacao.com\/1\/wp-json\/wp\/v2\/posts\/143085\/revisions"}],"predecessor-version":[{"id":143087,"href":"https:\/\/www.caririemacao.com\/1\/wp-json\/wp\/v2\/posts\/143085\/revisions\/143087"}],"wp:featuredmedia":[{"embeddable":true,"href":"https:\/\/www.caririemacao.com\/1\/wp-json\/wp\/v2\/media\/143086"}],"wp:attachment":[{"href":"https:\/\/www.caririemacao.com\/1\/wp-json\/wp\/v2\/media?parent=143085"}],"wp:term":[{"taxonomy":"category","embeddable":true,"href":"https:\/\/www.caririemacao.com\/1\/wp-json\/wp\/v2\/categories?post=143085"},{"taxonomy":"post_tag","embeddable":true,"href":"https:\/\/www.caririemacao.com\/1\/wp-json\/wp\/v2\/tags?post=143085"}],"curies":[{"name":"wp","href":"https:\/\/api.w.org\/{rel}","templated":true}]}}