{"id":143090,"date":"2019-12-26T14:03:42","date_gmt":"2019-12-26T17:03:42","guid":{"rendered":"http:\/\/www.caririemacao.com\/1\/?p=143090"},"modified":"2019-12-26T14:03:42","modified_gmt":"2019-12-26T17:03:42","slug":"prefeito-dalyson-neves-entrega-mais-de-600-cestas-basicas-em-zabele","status":"publish","type":"post","link":"https:\/\/www.caririemacao.com\/1\/2019\/12\/26\/prefeito-dalyson-neves-entrega-mais-de-600-cestas-basicas-em-zabele\/","title":{"rendered":"Prefeito Dalyson Neves entrega mais de 600 cestas b\u00e1sicas em Zabel\u00ea"},"content":{"rendered":"\n<p>O Prefeito Dalyson Neves fez a entrega de mais de 600 cestas b\u00e1sicas para as fam\u00edlias\u00a0benefici\u00e1rias do Programa Bolsa Fam\u00edlia e cadastradas no Cadastro \u00danico\u00a0\u00a0em Zabel\u00ea.<\/p>\n\n\n\n<p><br>A a\u00e7\u00e3o aconteceu na \u00faltima Sexta-feira dia 20, e o Prefeito Dalyson Neves fez a entrega de mais de 600 cestas b\u00e1sicas para as fam\u00edlias benefici\u00e1rias do Programa Bolsa Fam\u00edlia e cadastradas no Cadastro \u00danico.<br>Em sua fala, Dalyson Neves, disse que ao inv\u00e9s de gastar com ornamenta\u00e7\u00e3o natalina das pra\u00e7as, preferiu investir em Cestas B\u00e1sicas para as fam\u00edlias zabelenses e afirmou que enquanto ele for o gestor de Zabel\u00ea, esta a\u00e7\u00e3o ser\u00e1 realizada.<\/p>\n","protected":false},"excerpt":{"rendered":"<p>O Prefeito Dalyson Neves fez a entrega de mais de 600 cestas b\u00e1sicas para as fam\u00edlias\u00a0benefici\u00e1rias do Programa Bolsa Fam\u00edlia e cadastradas no Cadastro \u00danico\u00a0\u00a0em&hellip; <\/p>\n","protected":false},"author":1,"featured_media":143093,"comment_status":"closed","ping_status":"closed","sticky":false,"template":"","format":"standard","meta":{"sfsi_plus_gutenberg_text_before_share":"","sfsi_plus_gutenberg_show_text_before_share":"","sfsi_plus_gutenberg_icon_type":"","sfsi_plus_gutenberg_icon_alignemt":"","sfsi_plus_gutenburg_max_per_row":"","footnotes":""},"categories":[6],"tags":[],"class_list":["post-143090","post","type-post","status-publish","format-standard","has-post-thumbnail","hentry","category-cidades"],"_links":{"self":[{"href":"https:\/\/www.caririemacao.com\/1\/wp-json\/wp\/v2\/posts\/143090","targetHints":{"allow":["GET"]}}],"collection":[{"href":"https:\/\/www.caririemacao.com\/1\/wp-json\/wp\/v2\/posts"}],"about":[{"href":"https:\/\/www.caririemacao.com\/1\/wp-json\/wp\/v2\/types\/post"}],"author":[{"embeddable":true,"href":"https:\/\/www.caririemacao.com\/1\/wp-json\/wp\/v2\/users\/1"}],"replies":[{"embeddable":true,"href":"https:\/\/www.caririemacao.com\/1\/wp-json\/wp\/v2\/comments?post=143090"}],"version-history":[{"count":1,"href":"https:\/\/www.caririemacao.com\/1\/wp-json\/wp\/v2\/posts\/143090\/revisions"}],"predecessor-version":[{"id":143094,"href":"https:\/\/www.caririemacao.com\/1\/wp-json\/wp\/v2\/posts\/143090\/revisions\/143094"}],"wp:featuredmedia":[{"embeddable":true,"href":"https:\/\/www.caririemacao.com\/1\/wp-json\/wp\/v2\/media\/143093"}],"wp:attachment":[{"href":"https:\/\/www.caririemacao.com\/1\/wp-json\/wp\/v2\/media?parent=143090"}],"wp:term":[{"taxonomy":"category","embeddable":true,"href":"https:\/\/www.caririemacao.com\/1\/wp-json\/wp\/v2\/categories?post=143090"},{"taxonomy":"post_tag","embeddable":true,"href":"https:\/\/www.caririemacao.com\/1\/wp-json\/wp\/v2\/tags?post=143090"}],"curies":[{"name":"wp","href":"https:\/\/api.w.org\/{rel}","templated":true}]}}