{"id":143097,"date":"2019-12-26T14:05:49","date_gmt":"2019-12-26T17:05:49","guid":{"rendered":"http:\/\/www.caririemacao.com\/1\/?p=143097"},"modified":"2019-12-26T14:05:49","modified_gmt":"2019-12-26T17:05:49","slug":"jovem-se-suicida-na-boa-vista-em-sertania","status":"publish","type":"post","link":"https:\/\/www.caririemacao.com\/1\/2019\/12\/26\/jovem-se-suicida-na-boa-vista-em-sertania\/","title":{"rendered":"Jovem se suicida na boa vista em Sert\u00e2nia"},"content":{"rendered":"\n<p>Uma not\u00edcia triste em Sert\u00e2nia, acabamos de tomar conhecimento que o jovem DIEGO RODRIGUES, de 24 anos de idade foi encontrado pelo pai enforcado em sua resid\u00eancia no Sitio Boa Vista zona rural de Sert\u00e2nia.<\/p>\n\n\n\n<p><br>Segundo o pai da v\u00edtima, o mesmo ficou em casa sozinho hoje, dia 24, pela manh\u00e3 e quando este voltou para casa o encontrou enforcado no quarto de dispensa.<\/p>\n\n\n\n<p><br>A pol\u00edcia militar, que esteve no local, e conversou com o pai do jovem enforcado e este disse que seu filho passava por problemas psicol\u00f3gicos s\u00e9rios e que falava constantemente em suic\u00eddio.<br><strong><br>Tribuna do Moxot\u00f3<\/strong><\/p>\n","protected":false},"excerpt":{"rendered":"<p>Uma not\u00edcia triste em Sert\u00e2nia, acabamos de tomar conhecimento que o jovem DIEGO RODRIGUES, de 24 anos de idade foi encontrado pelo pai enforcado em&hellip; <\/p>\n","protected":false},"author":1,"featured_media":29121,"comment_status":"closed","ping_status":"closed","sticky":false,"template":"","format":"standard","meta":{"sfsi_plus_gutenberg_text_before_share":"","sfsi_plus_gutenberg_show_text_before_share":"","sfsi_plus_gutenberg_icon_type":"","sfsi_plus_gutenberg_icon_alignemt":"","sfsi_plus_gutenburg_max_per_row":"","footnotes":""},"categories":[12],"tags":[],"class_list":["post-143097","post","type-post","status-publish","format-standard","has-post-thumbnail","hentry","category-policia"],"_links":{"self":[{"href":"https:\/\/www.caririemacao.com\/1\/wp-json\/wp\/v2\/posts\/143097","targetHints":{"allow":["GET"]}}],"collection":[{"href":"https:\/\/www.caririemacao.com\/1\/wp-json\/wp\/v2\/posts"}],"about":[{"href":"https:\/\/www.caririemacao.com\/1\/wp-json\/wp\/v2\/types\/post"}],"author":[{"embeddable":true,"href":"https:\/\/www.caririemacao.com\/1\/wp-json\/wp\/v2\/users\/1"}],"replies":[{"embeddable":true,"href":"https:\/\/www.caririemacao.com\/1\/wp-json\/wp\/v2\/comments?post=143097"}],"version-history":[{"count":1,"href":"https:\/\/www.caririemacao.com\/1\/wp-json\/wp\/v2\/posts\/143097\/revisions"}],"predecessor-version":[{"id":143098,"href":"https:\/\/www.caririemacao.com\/1\/wp-json\/wp\/v2\/posts\/143097\/revisions\/143098"}],"wp:featuredmedia":[{"embeddable":true,"href":"https:\/\/www.caririemacao.com\/1\/wp-json\/wp\/v2\/media\/29121"}],"wp:attachment":[{"href":"https:\/\/www.caririemacao.com\/1\/wp-json\/wp\/v2\/media?parent=143097"}],"wp:term":[{"taxonomy":"category","embeddable":true,"href":"https:\/\/www.caririemacao.com\/1\/wp-json\/wp\/v2\/categories?post=143097"},{"taxonomy":"post_tag","embeddable":true,"href":"https:\/\/www.caririemacao.com\/1\/wp-json\/wp\/v2\/tags?post=143097"}],"curies":[{"name":"wp","href":"https:\/\/api.w.org\/{rel}","templated":true}]}}