{"id":143121,"date":"2019-12-27T07:22:42","date_gmt":"2019-12-27T10:22:42","guid":{"rendered":"http:\/\/www.caririemacao.com\/1\/?p=143121"},"modified":"2019-12-27T07:22:42","modified_gmt":"2019-12-27T10:22:42","slug":"educacao-de-caraubas-sera-contemplada-com-mais-um-onibus-escolar","status":"publish","type":"post","link":"https:\/\/www.caririemacao.com\/1\/2019\/12\/27\/educacao-de-caraubas-sera-contemplada-com-mais-um-onibus-escolar\/","title":{"rendered":"Educa\u00e7\u00e3o de Cara\u00fabas ser\u00e1 contemplada com mais um \u00f4nibus escolar"},"content":{"rendered":"\n<p>A secretaria da Educa\u00e7\u00e3o da Prefeitura Municipal de Cara\u00fabas recebeu do Deputado Federal Efraim Filho, na \u00faltima segunda-feira, dia 23\/12, um verdadeiro presente de Natal. Foi empenhado junto ao Fundo Nacional de Desenvolvimento da Educa\u00e7\u00e3o \u2013 FNDE, um ve\u00edculo \u00f4nibus urbano escolar Acess\u00edvel \u2013 ONUREA, piso alto.<\/p>\n\n\n\n<p>De acordo com as informa\u00e7\u00f5es repassadas pelo parlamentar o Processo n\u00ba. 23400.003685\/2019-57, j\u00e1 foi inclusive empenhado sob n\u00ba. 2019NE654286, no valor de R$ 199.940,00 (Cento e Noventa e Nove Mil Novecentos e Quarenta Reais). \u201cNossa preocupa\u00e7\u00e3o com a qualidade da educa\u00e7\u00e3o de nossas crian\u00e7as em todos os munic\u00edpios da Para\u00edba \u00e9 uma constante. Sabemos das dificuldades, principalmente de locomo\u00e7\u00e3o delas. <\/p>\n\n\n\n<p>Cara\u00fabas \u00e9 um munic\u00edpio de uma extens\u00e3o territorial gigantesca e conduzir nossos alunos ser\u00e1 uma meta primordial para que possamos garanti-los na escola e com uma educa\u00e7\u00e3o de qualidade\u201d, afirmou o Deputado.<\/p>\n\n\n\n<p>O prefeito Silvano Dudu, que ganhou a fama de prefeito pid\u00e3o, disse est\u00e1 muito feliz por todos os alunos do munic\u00edpio e pelos pais dessas crian\u00e7as, pois, teremos como garantir que as mesmas n\u00e3o ter\u00e3o motivos para deixar de frequentar o ensino infantil e fundamental. <\/p>\n\n\n\n<p>Quero aproveitar para agradecer ao Deputado Efraim Filho que tem sido um parceiro importante na esfera federal, pois, tem conseguido liberar recursos importantes para o munic\u00edpio de Cara\u00fabas, beneficiando centenas de pessoas carentes, concluiu ele.<\/p>\n\n\n\n<p>Com o melhoramento da frota e das condi\u00e7\u00f5es das salas de aula, 2020 promete ser realmente um ano transformador na \u00e1rea educacional do munic\u00edpio, pois, s\u00e3o muitos investimentos realizados e que ir\u00e3o garantir a qualidade do ensino e a perman\u00eancia dos alunos em sala de aula, garantiu a secret\u00e1ria Rhayanne Fernandes.<\/p>\n\n\n\n<p>A atual gest\u00e3o vem investindo pesado na renova\u00e7\u00e3o da frota de ve\u00edculos. Na educa\u00e7\u00e3o, de 2017 at\u00e9 hoje j\u00e1 foram adquiridos 04(quatro) ve\u00edculos, sendo dois de passeio e 02(dois) \u00f4nibus com esse apresentado ao FNDE. <\/p>\n\n\n\n<p>Muito bom poder compartilhar nesta \u00e9poca do ano, uma not\u00edcia como est\u00e1, pois teremos a garantia de as a\u00e7\u00f5es da educa\u00e7\u00e3o tendem a continuar com muito trabalho pensando no futuro de nossa gente, concluiu a secret\u00e1ria.<\/p>\n","protected":false},"excerpt":{"rendered":"<p>A secretaria da Educa\u00e7\u00e3o da Prefeitura Municipal de Cara\u00fabas recebeu do Deputado Federal Efraim Filho, na \u00faltima segunda-feira, dia 23\/12, um verdadeiro presente de Natal.&hellip; <\/p>\n","protected":false},"author":1,"featured_media":143122,"comment_status":"closed","ping_status":"closed","sticky":false,"template":"","format":"standard","meta":{"sfsi_plus_gutenberg_text_before_share":"","sfsi_plus_gutenberg_show_text_before_share":"","sfsi_plus_gutenberg_icon_type":"","sfsi_plus_gutenberg_icon_alignemt":"","sfsi_plus_gutenburg_max_per_row":"","footnotes":""},"categories":[6],"tags":[],"class_list":["post-143121","post","type-post","status-publish","format-standard","has-post-thumbnail","hentry","category-cidades"],"_links":{"self":[{"href":"https:\/\/www.caririemacao.com\/1\/wp-json\/wp\/v2\/posts\/143121","targetHints":{"allow":["GET"]}}],"collection":[{"href":"https:\/\/www.caririemacao.com\/1\/wp-json\/wp\/v2\/posts"}],"about":[{"href":"https:\/\/www.caririemacao.com\/1\/wp-json\/wp\/v2\/types\/post"}],"author":[{"embeddable":true,"href":"https:\/\/www.caririemacao.com\/1\/wp-json\/wp\/v2\/users\/1"}],"replies":[{"embeddable":true,"href":"https:\/\/www.caririemacao.com\/1\/wp-json\/wp\/v2\/comments?post=143121"}],"version-history":[{"count":1,"href":"https:\/\/www.caririemacao.com\/1\/wp-json\/wp\/v2\/posts\/143121\/revisions"}],"predecessor-version":[{"id":143123,"href":"https:\/\/www.caririemacao.com\/1\/wp-json\/wp\/v2\/posts\/143121\/revisions\/143123"}],"wp:featuredmedia":[{"embeddable":true,"href":"https:\/\/www.caririemacao.com\/1\/wp-json\/wp\/v2\/media\/143122"}],"wp:attachment":[{"href":"https:\/\/www.caririemacao.com\/1\/wp-json\/wp\/v2\/media?parent=143121"}],"wp:term":[{"taxonomy":"category","embeddable":true,"href":"https:\/\/www.caririemacao.com\/1\/wp-json\/wp\/v2\/categories?post=143121"},{"taxonomy":"post_tag","embeddable":true,"href":"https:\/\/www.caririemacao.com\/1\/wp-json\/wp\/v2\/tags?post=143121"}],"curies":[{"name":"wp","href":"https:\/\/api.w.org\/{rel}","templated":true}]}}