{"id":143133,"date":"2019-12-27T07:35:15","date_gmt":"2019-12-27T10:35:15","guid":{"rendered":"http:\/\/www.caririemacao.com\/1\/?p=143133"},"modified":"2019-12-27T07:35:15","modified_gmt":"2019-12-27T10:35:15","slug":"incendio-destroi-marcenaria-no-sertao-da-paraiba","status":"publish","type":"post","link":"https:\/\/www.caririemacao.com\/1\/2019\/12\/27\/incendio-destroi-marcenaria-no-sertao-da-paraiba\/","title":{"rendered":"Inc\u00eandio destr\u00f3i marcenaria no Sert\u00e3o da Para\u00edba"},"content":{"rendered":"\n<p>Um inc\u00eandio destruiu uma marcenaria&nbsp;na noite desta quinta-feira (26), no Centro em Santa Terezinha, regi\u00e3o metropolitana de Patos, na Para\u00edba. O Corpo de Bombeiros foi acionado pela Pol\u00edcia Militar.&nbsp;<\/p>\n\n\n\n<p>De acordo com informa\u00e7\u00f5es,&nbsp; alguns jovens conseguiram entrar&nbsp;na casa vizinha e&nbsp;retirar o fog\u00e3o e o botij\u00e3o de g\u00e1s.<\/p>\n\n\n\n<p>As chamas s\u00f3 foram&nbsp;controladas ap\u00f3s a chegada do Corpo de Bombeiros.<\/p>\n\n\n\n<p>O 4\u00ba Batalh\u00e3o do Corpo de Bombeiros far\u00e1 uma avalia\u00e7\u00e3o e emitir\u00e1 o laudo com as causas do acidente. O local ficou completamente destru\u00eddo.&nbsp;<\/p>\n","protected":false},"excerpt":{"rendered":"<p>Um inc\u00eandio destruiu uma marcenaria&nbsp;na noite desta quinta-feira (26), no Centro em Santa Terezinha, regi\u00e3o metropolitana de Patos, na Para\u00edba. O Corpo de Bombeiros foi&hellip; <\/p>\n","protected":false},"author":1,"featured_media":143134,"comment_status":"closed","ping_status":"closed","sticky":false,"template":"","format":"standard","meta":{"sfsi_plus_gutenberg_text_before_share":"","sfsi_plus_gutenberg_show_text_before_share":"","sfsi_plus_gutenberg_icon_type":"","sfsi_plus_gutenberg_icon_alignemt":"","sfsi_plus_gutenburg_max_per_row":"","footnotes":""},"categories":[12],"tags":[],"class_list":["post-143133","post","type-post","status-publish","format-standard","has-post-thumbnail","hentry","category-policia"],"_links":{"self":[{"href":"https:\/\/www.caririemacao.com\/1\/wp-json\/wp\/v2\/posts\/143133","targetHints":{"allow":["GET"]}}],"collection":[{"href":"https:\/\/www.caririemacao.com\/1\/wp-json\/wp\/v2\/posts"}],"about":[{"href":"https:\/\/www.caririemacao.com\/1\/wp-json\/wp\/v2\/types\/post"}],"author":[{"embeddable":true,"href":"https:\/\/www.caririemacao.com\/1\/wp-json\/wp\/v2\/users\/1"}],"replies":[{"embeddable":true,"href":"https:\/\/www.caririemacao.com\/1\/wp-json\/wp\/v2\/comments?post=143133"}],"version-history":[{"count":1,"href":"https:\/\/www.caririemacao.com\/1\/wp-json\/wp\/v2\/posts\/143133\/revisions"}],"predecessor-version":[{"id":143135,"href":"https:\/\/www.caririemacao.com\/1\/wp-json\/wp\/v2\/posts\/143133\/revisions\/143135"}],"wp:featuredmedia":[{"embeddable":true,"href":"https:\/\/www.caririemacao.com\/1\/wp-json\/wp\/v2\/media\/143134"}],"wp:attachment":[{"href":"https:\/\/www.caririemacao.com\/1\/wp-json\/wp\/v2\/media?parent=143133"}],"wp:term":[{"taxonomy":"category","embeddable":true,"href":"https:\/\/www.caririemacao.com\/1\/wp-json\/wp\/v2\/categories?post=143133"},{"taxonomy":"post_tag","embeddable":true,"href":"https:\/\/www.caririemacao.com\/1\/wp-json\/wp\/v2\/tags?post=143133"}],"curies":[{"name":"wp","href":"https:\/\/api.w.org\/{rel}","templated":true}]}}