{"id":143138,"date":"2019-12-27T07:38:59","date_gmt":"2019-12-27T10:38:59","guid":{"rendered":"http:\/\/www.caririemacao.com\/1\/?p=143138"},"modified":"2019-12-27T07:38:59","modified_gmt":"2019-12-27T10:38:59","slug":"bolsonaro-diz-que-nao-precisa-votar-nele-quem-for-prejudicado-por-juiz-de-garantia","status":"publish","type":"post","link":"https:\/\/www.caririemacao.com\/1\/2019\/12\/27\/bolsonaro-diz-que-nao-precisa-votar-nele-quem-for-prejudicado-por-juiz-de-garantia\/","title":{"rendered":"Bolsonaro diz que n\u00e3o precisa votar nele quem for prejudicado por juiz de garantia"},"content":{"rendered":"\n<p>Em meio \u00e0s cr\u00edticas por n\u00e3o ter vetado a cria\u00e7\u00e3o do chamado juiz de garantias, o presidente Jair Bolsonaro afirmou nesta quinta-feira (26) que j\u00e1 discordou antes do ministro da Justi\u00e7a, Sergio Moro, e pediu para que n\u00e3o votem mais nele caso a iniciativa seja prejudicial para o pa\u00eds.<\/p>\n\n\n\n<p>Sancionado pelo presidente, o pacote anticrime previu que a fase de investiga\u00e7\u00e3o de um processo ficar\u00e1 sob a responsabilidade de um juiz de garantia, ou seja, o inqu\u00e9rito ter\u00e1 um magistrado espec\u00edfico para a etapa inicial, sendo ele o respons\u00e1vel por autorizar intercepta\u00e7\u00e3o telef\u00f4nica e busca e apreens\u00e3o.&nbsp;<\/p>\n\n\n\n<p>A iniciativa foi criticada tanto por Moro como por eleitores do presidente, que defendiam o veto \u00e0 medida. Desde a quarta-feira (25), mensagens com ataques \u00e0 decis\u00e3o foram publicadas nas redes sociais de Bolsonaro. Em sua live semanal, ele disse que nunca se comprometeu em vetar a proposta inclu\u00edda no pacote anticrime.<\/p>\n\n\n\n<p>&#8220;Eu n\u00e3o fiz nenhum trato com ningu\u00e9m sobre vetar o juiz de garantias. \u00c9 um absurdo falar voc\u00eas aprovam a\u00ed que eu veto aqui&#8221;, disse.&nbsp;<\/p>\n\n\n\n<p>&#8220;Se entrar em vigor, eu n\u00e3o sei se vai entrar em vigor. Se te prejudicar, \u00e9 simples, n\u00e3o vota mais em mim. Afinal de contas, se eu fizer 99 coisas favor\u00e1veis a voc\u00eas e um contra, voc\u00eas querem mudar. Ent\u00e3o, muda, paci\u00eancia&#8221;, acrescentou.<\/p>\n\n\n\n<p>O presidente destacou que n\u00e3o pode &#8220;ser escravo de todo mundo&#8221; e que, no pa\u00eds, h\u00e1 muita gente favor\u00e1vel \u00e0 cria\u00e7\u00e3o do juiz de garantia. Bolsonaro ressaltou que, em suas redes sociais, &#8220;abusaram&#8221; das cr\u00edticas a ele e que foram retirados de sua p\u00e1gina pessoal os seguidores que relacionaram a medida a uma quest\u00e3o de car\u00e1ter pessoal.<\/p>\n\n\n\n<p>Segundo especialistas ouvidos pela Folha, a medida abre margem para tirar das m\u00e3os do juiz Fl\u00e1vio Itabaiana uma eventual a\u00e7\u00e3o penal contra o senador Fl\u00e1vio Bolsonaro (sem partido-RJ), filho do presidente. O magistrado foi criticado pela fam\u00edlia do presidente ap\u00f3s deferir 24 mandados de busca e apreens\u00e3o na investiga\u00e7\u00e3o que apura a pr\u00e1tica da &#8220;rachadinha&#8221; no antigo gabinete de Fl\u00e1vio.&nbsp;<\/p>\n\n\n\n<p>&#8220;Bateram demais em mim. Juiz de garantias, abusaram, mas tudo bem&#8221;, disse.<\/p>\n\n\n\n<p>&#8220;Aqueles que fizeram cr\u00edticas construtivas tudo bem. Alguns que foram para a quest\u00e3o pessoal e familiar eu lamento, mas sa\u00edram da minha p\u00e1gina&#8221;, afirmou.<\/p>\n\n\n\n<p>Apesar da discord\u00e2ncia com Moro, Bolsonaro disse que o ministro tem feito um &#8220;trabalho excepcional&#8221; e que ele tem consultado o ex-juiz federal em quest\u00f5es de seu governo. Ele lembrou que, durante as discuss\u00f5es sobre a flexibiliza\u00e7\u00e3o da posse de armas no pa\u00eds, tamb\u00e9m adotou posi\u00e7\u00e3o diferente a de Moro.<\/p>\n\n\n\n<p>O presidente ressaltou que Moro \u00e9 adorado pelo Brasil e que caso ele decida se lan\u00e7ar candidato a presidente em 2022, o pa\u00eds &#8220;vai estar em boas m\u00e3os&#8221;. Bolsonaro voltou a dizer que n\u00e3o sabe se ser\u00e1 candidato \u00e0 reelei\u00e7\u00e3o e destacou que h\u00e1 &#8220;pessoas melhores&#8221; do que ele para disputar a elei\u00e7\u00e3o presidencial.<\/p>\n\n\n\n<p>&#8220;Eu j\u00e1 discordei dele. Como j\u00e1 discordei de outros ministros tamb\u00e9m. Eu acho que a taxa de concord\u00e2ncia com os ministros \u00e9 em torno de 95%. Est\u00e1 indo muito bem. O Moro tem um potencial enorme. Ele \u00e9 adorado no Brasil. Pessoal fala que ele deve encarar como presidente. Se o Moro vier, que seja feliz, n\u00e3o tem problema, vai estar em boas m\u00e3os o Brasil. E eu n\u00e3o sei se eu vou vir candidato em 2022&#8221;, disse.<\/p>\n\n\n\n<p>Bolsonaro afirmou ainda que 90% das pessoas que criticam a cria\u00e7\u00e3o do juiz de garantias n\u00e3o sabe o que significa a medida e ressaltou que n\u00e3o poder\u00e1 agradar sempre a todos os seus eleitores, mas que, neste caso, est\u00e1 com a &#8220;consci\u00eancia tranquila&#8221; e que sua inten\u00e7\u00e3o n\u00e3o foi proteger ningu\u00e9m.<\/p>\n\n\n\n<p>O presidente disse ainda que o ministro da Educa\u00e7\u00e3o, Abraham Weintraub, &#8220;deu uma dedada errada&#8221; na quarta-feira (25). O auxiliar presidencial compartilhou uma mensagem nas redes sociais que dizia que Bolsonaro traiu Moro ao n\u00e3o vetar a medida. Na sequ\u00eancia, ele apagou o conte\u00fado e disse que divulgou por engano.<\/p>\n\n\n\n<p>&#8220;Ele n\u00e3o manja nada de internet, parecido comigo, e deu uma curtida em um cara que me chamou de traidor. O pessoal caiu de pau nele. Voc\u00ea acha que est\u00e1 na cabe\u00e7a de algu\u00e9m que um ministro ia me chamar de traidor conscientemente? Fiquei sabendo da hist\u00f3ria e ele estava em um local com internet intermitente. Ele deu uma dedada errada, tem de caprichar na dedada nas f\u00e9rias. O Weintraub, est\u00e1 cada vez mais forte&#8221;, disse.<\/p>\n","protected":false},"excerpt":{"rendered":"<p>Em meio \u00e0s cr\u00edticas por n\u00e3o ter vetado a cria\u00e7\u00e3o do chamado juiz de garantias, o presidente Jair Bolsonaro afirmou nesta quinta-feira (26) que j\u00e1&hellip; <\/p>\n","protected":false},"author":1,"featured_media":105316,"comment_status":"closed","ping_status":"closed","sticky":false,"template":"","format":"standard","meta":{"sfsi_plus_gutenberg_text_before_share":"","sfsi_plus_gutenberg_show_text_before_share":"","sfsi_plus_gutenberg_icon_type":"","sfsi_plus_gutenberg_icon_alignemt":"","sfsi_plus_gutenburg_max_per_row":"","footnotes":""},"categories":[11],"tags":[],"class_list":["post-143138","post","type-post","status-publish","format-standard","has-post-thumbnail","hentry","category-politica"],"_links":{"self":[{"href":"https:\/\/www.caririemacao.com\/1\/wp-json\/wp\/v2\/posts\/143138","targetHints":{"allow":["GET"]}}],"collection":[{"href":"https:\/\/www.caririemacao.com\/1\/wp-json\/wp\/v2\/posts"}],"about":[{"href":"https:\/\/www.caririemacao.com\/1\/wp-json\/wp\/v2\/types\/post"}],"author":[{"embeddable":true,"href":"https:\/\/www.caririemacao.com\/1\/wp-json\/wp\/v2\/users\/1"}],"replies":[{"embeddable":true,"href":"https:\/\/www.caririemacao.com\/1\/wp-json\/wp\/v2\/comments?post=143138"}],"version-history":[{"count":1,"href":"https:\/\/www.caririemacao.com\/1\/wp-json\/wp\/v2\/posts\/143138\/revisions"}],"predecessor-version":[{"id":143143,"href":"https:\/\/www.caririemacao.com\/1\/wp-json\/wp\/v2\/posts\/143138\/revisions\/143143"}],"wp:featuredmedia":[{"embeddable":true,"href":"https:\/\/www.caririemacao.com\/1\/wp-json\/wp\/v2\/media\/105316"}],"wp:attachment":[{"href":"https:\/\/www.caririemacao.com\/1\/wp-json\/wp\/v2\/media?parent=143138"}],"wp:term":[{"taxonomy":"category","embeddable":true,"href":"https:\/\/www.caririemacao.com\/1\/wp-json\/wp\/v2\/categories?post=143138"},{"taxonomy":"post_tag","embeddable":true,"href":"https:\/\/www.caririemacao.com\/1\/wp-json\/wp\/v2\/tags?post=143138"}],"curies":[{"name":"wp","href":"https:\/\/api.w.org\/{rel}","templated":true}]}}