{"id":143160,"date":"2019-12-27T07:53:48","date_gmt":"2019-12-27T10:53:48","guid":{"rendered":"http:\/\/www.caririemacao.com\/1\/?p=143160"},"modified":"2019-12-27T07:53:48","modified_gmt":"2019-12-27T10:53:48","slug":"bolsonaro-passara-ano-novo-em-base-naval-favorita-de-lula-e-dilma","status":"publish","type":"post","link":"https:\/\/www.caririemacao.com\/1\/2019\/12\/27\/bolsonaro-passara-ano-novo-em-base-naval-favorita-de-lula-e-dilma\/","title":{"rendered":"Bolsonaro passar\u00e1 Ano-Novo em base naval favorita de Lula e Dilma"},"content":{"rendered":"\n<p>&nbsp;O presidente Jair Bolsonaro (sem partido) seguiu o exemplo de seus antecessores no Pal\u00e1cio do Planalto e escolheu a base naval de Aratu, na Bahia, para passar seu primeiro Ano-Novo \u00e0 frente do cargo.<\/p>\n\n\n\n<p>A programa\u00e7\u00e3o \u00e9 que ele embarque com a fam\u00edlia para o balne\u00e1rio militar, localizado a 42 km do centro de Salvador, nesta sexta-feira (27) e s\u00f3 retorne \u00e0 capital federal no dia 05 de janeiro.<\/p>\n\n\n\n<p>Na quarta-feira (24), a equipe do presidente chegou a cogitar o cancelamento da viagem ap\u00f3s ele ter sofrido uma queda e batido a cabe\u00e7a em um dos banheiros do Pal\u00e1cio do Alvorada.&nbsp;<\/p>\n\n\n\n<p>Como os exames m\u00e9dicos mostraram normalidade em seu estado de sa\u00fade, o deslocamento foi mantido. O presidente chegou a dizer que sofreu uma perda de mem\u00f3ria parcial logo ap\u00f3s o acidente dom\u00e9stico.<\/p>\n\n\n\n<p>A Base Naval de Aratu fica localizada na pen\u00ednsula do Paripe, um recanto paradis\u00edaco da ba\u00eda de Todos os Santos. Cercada por mata atl\u00e2ntica, a praia privativa tem areia branca e \u00e1gua verde esmeralda.&nbsp;<\/p>\n\n\n\n<p>O local era destino favorito da ex-presidente Dilma Rousseff (PT) durante os feriados do R\u00e9veillon e do Carnaval. A petista passou quatro anos seguidos o recesso de fim de ano na base militar.<\/p>\n\n\n\n<p>Como sua sucessora, o ex-presidente Luiz In\u00e1cio Lula da Silva (PT) tamb\u00e9m passou quatro anos seguidos o R\u00e9veillon na praia reservada. Em janeiro de 2010, por exemplo, ele foi fotografado carregando uma caixa de isopor na cabe\u00e7a.<\/p>\n\n\n\n<p>Nessa \u00e9poca, a Marinha gastou R$ 800 mil para reformar a casa de praia onde os presidentes se hospedam. Al\u00e9m dos petistas, Fernando Henrique Cardoso (PSDB) e Michel Temer (MDB) tamb\u00e9m frequentaram a base naval.<\/p>\n\n\n\n<p>Inicialmente, Bolsonaro cogitou passar a virada do ano em Fernando de Noronha, em Pernambuco. Por quest\u00e3o de sa\u00fade, uma vez que o arquip\u00e9lago fica distante de uma capital estadual, o GSI (Gabinete de Seguran\u00e7a Institucional) recomendou a perman\u00eancia no balne\u00e1rio baiano.<br><\/p>\n","protected":false},"excerpt":{"rendered":"<p>&nbsp;O presidente Jair Bolsonaro (sem partido) seguiu o exemplo de seus antecessores no Pal\u00e1cio do Planalto e escolheu a base naval de Aratu, na Bahia,&hellip; <\/p>\n","protected":false},"author":1,"featured_media":142027,"comment_status":"closed","ping_status":"closed","sticky":false,"template":"","format":"standard","meta":{"sfsi_plus_gutenberg_text_before_share":"","sfsi_plus_gutenberg_show_text_before_share":"","sfsi_plus_gutenberg_icon_type":"","sfsi_plus_gutenberg_icon_alignemt":"","sfsi_plus_gutenburg_max_per_row":"","footnotes":""},"categories":[11],"tags":[],"class_list":["post-143160","post","type-post","status-publish","format-standard","has-post-thumbnail","hentry","category-politica"],"_links":{"self":[{"href":"https:\/\/www.caririemacao.com\/1\/wp-json\/wp\/v2\/posts\/143160","targetHints":{"allow":["GET"]}}],"collection":[{"href":"https:\/\/www.caririemacao.com\/1\/wp-json\/wp\/v2\/posts"}],"about":[{"href":"https:\/\/www.caririemacao.com\/1\/wp-json\/wp\/v2\/types\/post"}],"author":[{"embeddable":true,"href":"https:\/\/www.caririemacao.com\/1\/wp-json\/wp\/v2\/users\/1"}],"replies":[{"embeddable":true,"href":"https:\/\/www.caririemacao.com\/1\/wp-json\/wp\/v2\/comments?post=143160"}],"version-history":[{"count":1,"href":"https:\/\/www.caririemacao.com\/1\/wp-json\/wp\/v2\/posts\/143160\/revisions"}],"predecessor-version":[{"id":143161,"href":"https:\/\/www.caririemacao.com\/1\/wp-json\/wp\/v2\/posts\/143160\/revisions\/143161"}],"wp:featuredmedia":[{"embeddable":true,"href":"https:\/\/www.caririemacao.com\/1\/wp-json\/wp\/v2\/media\/142027"}],"wp:attachment":[{"href":"https:\/\/www.caririemacao.com\/1\/wp-json\/wp\/v2\/media?parent=143160"}],"wp:term":[{"taxonomy":"category","embeddable":true,"href":"https:\/\/www.caririemacao.com\/1\/wp-json\/wp\/v2\/categories?post=143160"},{"taxonomy":"post_tag","embeddable":true,"href":"https:\/\/www.caririemacao.com\/1\/wp-json\/wp\/v2\/tags?post=143160"}],"curies":[{"name":"wp","href":"https:\/\/api.w.org\/{rel}","templated":true}]}}