{"id":143162,"date":"2019-12-27T07:58:33","date_gmt":"2019-12-27T10:58:33","guid":{"rendered":"http:\/\/www.caririemacao.com\/1\/?p=143162"},"modified":"2019-12-27T07:58:33","modified_gmt":"2019-12-27T10:58:33","slug":"pf-indicia-lula-sob-suspeita-de-propina-de-r-4-milhoes-da-odebrecht-a-instituto","status":"publish","type":"post","link":"https:\/\/www.caririemacao.com\/1\/2019\/12\/27\/pf-indicia-lula-sob-suspeita-de-propina-de-r-4-milhoes-da-odebrecht-a-instituto\/","title":{"rendered":"PF indicia Lula sob suspeita de propina de R$ 4 milh\u00f5es da Odebrecht a instituto"},"content":{"rendered":"\n<p>&nbsp;A Pol\u00edcia Federal no Paran\u00e1 indiciou o ex-presidente Luiz In\u00e1cio Lula da Silva sob suspeita de corrup\u00e7\u00e3o passiva e lavagem de dinheiro relacionados a repasses de R$ 4 milh\u00f5es feitos pela Odebrecht ao Instituto Lula.<\/p>\n\n\n\n<p>O relat\u00f3rio final da PF foi assinado na \u00faltima segunda-feira (23) pelo delegado Dante Pegoraro Lemos e faz parte de uma investiga\u00e7\u00e3o aberta em 2015 para apurar o recebimento de valores de empreiteiras investigadas na Lava Jato pela Lils, a empresa de palestras de Lula.<\/p>\n\n\n\n<p>Atualmente, Lula \u00e9 r\u00e9u na primeira inst\u00e2ncia de Curitiba por outro caso que envolve o Instituto Lula, sob acusa\u00e7\u00e3o de ter recebido propina da Odebrecht por meio da compra de terreno para a sede da entidade.<\/p>\n\n\n\n<p>O novo indiciamento foi feito em um processo relacionado a esse caso da compra, que ainda aguarda decis\u00e3o do juiz Luiz Ant\u00f4nio Bonat.<\/p>\n\n\n\n<p>Ap\u00f3s o indiciamento da Pol\u00edcia Federal, os autos s\u00e3o encaminhados ao Minist\u00e9rio P\u00fablico Federal, que decide se apresenta ou n\u00e3o uma den\u00fancia \u00e0 Justi\u00e7a.<\/p>\n\n\n\n<p>Em Curitiba, Lula j\u00e1 foi condenado por corrup\u00e7\u00e3o passiva e lavagem de dinheiro nos casos do tr\u00edplex de Guaruj\u00e1 (SP) e do s\u00edtio de Atibaia (SP), em primeira e segunda inst\u00e2ncia.<\/p>\n\n\n\n<p>Os repasses investigados ao Instituto Lula foram feitos de forma oficial, como doa\u00e7\u00e3o, entre dezembro de 2013 e mar\u00e7o de 2014, mas a pol\u00edcia desconfia que eles teriam como origem os cr\u00e9ditos da conta de propinas gerenciada pela Odebrecht.<\/p>\n\n\n\n<p>&#8220;As evid\u00eancias mostraram que os recursos transferidos pela Odebrecht sob a rubrica de &#8216;doa\u00e7\u00f5es&#8217; foram abatidos de uma esp\u00e9cie de conta-corrente informal de propinas mantida junto \u00e0 construtora, da mesma forma ocorrida com aqueles destinados \u00e0 aquisi\u00e7\u00e3o do im\u00f3vel para o Instituto Lula&#8221;, diz o delegado no relat\u00f3rio.<\/p>\n\n\n\n<p>&#8220;Surgem, ent\u00e3o, robustos ind\u00edcios da origem il\u00edcita dos recursos e, via de consequ\u00eancia, da pr\u00e1tica dos crimes de corrup\u00e7\u00e3o ativa e passiva, considerando o pagamento de vantagem indevida a agente p\u00fablico em raz\u00e3o do cargo por ele anteriormente ocupado.&#8221;<\/p>\n\n\n\n<p>Al\u00e9m de Lula, foram indiciados Paulo Okamotto, presidente do instituto, o ex-ministro Antonio Palocci e Marcelo Odebrecht, ex-presidente da empreiteira. Tanto Palocci como Marcelo fecharam acordos de dela\u00e7\u00e3o premiada.<\/p>\n\n\n\n<p>Procurada, a defesa do ex-presidente ainda n\u00e3o se manifestou.<\/p>\n","protected":false},"excerpt":{"rendered":"<p>&nbsp;A Pol\u00edcia Federal no Paran\u00e1 indiciou o ex-presidente Luiz In\u00e1cio Lula da Silva sob suspeita de corrup\u00e7\u00e3o passiva e lavagem de dinheiro relacionados a repasses&hellip; <\/p>\n","protected":false},"author":1,"featured_media":131151,"comment_status":"closed","ping_status":"closed","sticky":false,"template":"","format":"standard","meta":{"sfsi_plus_gutenberg_text_before_share":"","sfsi_plus_gutenberg_show_text_before_share":"","sfsi_plus_gutenberg_icon_type":"","sfsi_plus_gutenberg_icon_alignemt":"","sfsi_plus_gutenburg_max_per_row":"","footnotes":""},"categories":[11],"tags":[],"class_list":["post-143162","post","type-post","status-publish","format-standard","has-post-thumbnail","hentry","category-politica"],"_links":{"self":[{"href":"https:\/\/www.caririemacao.com\/1\/wp-json\/wp\/v2\/posts\/143162","targetHints":{"allow":["GET"]}}],"collection":[{"href":"https:\/\/www.caririemacao.com\/1\/wp-json\/wp\/v2\/posts"}],"about":[{"href":"https:\/\/www.caririemacao.com\/1\/wp-json\/wp\/v2\/types\/post"}],"author":[{"embeddable":true,"href":"https:\/\/www.caririemacao.com\/1\/wp-json\/wp\/v2\/users\/1"}],"replies":[{"embeddable":true,"href":"https:\/\/www.caririemacao.com\/1\/wp-json\/wp\/v2\/comments?post=143162"}],"version-history":[{"count":1,"href":"https:\/\/www.caririemacao.com\/1\/wp-json\/wp\/v2\/posts\/143162\/revisions"}],"predecessor-version":[{"id":143163,"href":"https:\/\/www.caririemacao.com\/1\/wp-json\/wp\/v2\/posts\/143162\/revisions\/143163"}],"wp:featuredmedia":[{"embeddable":true,"href":"https:\/\/www.caririemacao.com\/1\/wp-json\/wp\/v2\/media\/131151"}],"wp:attachment":[{"href":"https:\/\/www.caririemacao.com\/1\/wp-json\/wp\/v2\/media?parent=143162"}],"wp:term":[{"taxonomy":"category","embeddable":true,"href":"https:\/\/www.caririemacao.com\/1\/wp-json\/wp\/v2\/categories?post=143162"},{"taxonomy":"post_tag","embeddable":true,"href":"https:\/\/www.caririemacao.com\/1\/wp-json\/wp\/v2\/tags?post=143162"}],"curies":[{"name":"wp","href":"https:\/\/api.w.org\/{rel}","templated":true}]}}