{"id":143169,"date":"2019-12-27T08:01:53","date_gmt":"2019-12-27T11:01:53","guid":{"rendered":"http:\/\/www.caririemacao.com\/1\/?p=143169"},"modified":"2019-12-27T08:01:53","modified_gmt":"2019-12-27T11:01:53","slug":"petrobras-anuncia-aumento-no-preco-do-gas-de-cozinha-ainda-este-ano","status":"publish","type":"post","link":"https:\/\/www.caririemacao.com\/1\/2019\/12\/27\/petrobras-anuncia-aumento-no-preco-do-gas-de-cozinha-ainda-este-ano\/","title":{"rendered":"Petrobras anuncia aumento no pre\u00e7o do g\u00e1s de cozinha ainda este ano"},"content":{"rendered":"\n<p>&nbsp;A Petrobras ir\u00e1 reajustar o pre\u00e7o do g\u00e1s de cozinha em cerca de 5% a partir desta sexta-feira (27), segundo a reportagem apurou.<\/p>\n\n\n\n<p>A alta vale para todos os tipos de GLP (g\u00e1s liquefeito de petr\u00f3leo), que inclui botij\u00f5es de uso dom\u00e9stico (13 kg) e industrial (embalagens acima de 13 kg).<\/p>\n\n\n\n<p>Segundo a ANP (Ag\u00eancia Nacional do Petr\u00f3leo, G\u00e1s Natural e Biocombust\u00edveis), o pre\u00e7o m\u00e9dio do botij\u00e3o de 13 kg era de R$ 69,11 em novembro. Caso o ajuste seja integralmente repassado ao consumidor, este valor iria para R$ 72,56.<\/p>\n\n\n\n<p>Este \u00e9 o terceiro aumento seguido no pre\u00e7o do g\u00e1s para botij\u00f5es de 13 quilos. Em novembro, a companhia reajustou em 4% o pre\u00e7o do g\u00e1s de cozinha. Em outubro, a alta foi de 5%.<\/p>\n\n\n\n<p>Ap\u00f3s seis ajustes no ano (cinco aumentos e uma queda de 8,2%), o combust\u00edvel tem alta acumulada de quase 10% no ano.<\/p>\n\n\n\n<p>A pol\u00edtica de pre\u00e7os da Petrobras prev\u00ea o acompanhamento de longo prazo das cota\u00e7\u00f5es internacionais, usando m\u00e9dias de 12 meses, com o objetivo de evitar o repasse ao consumidor brasileiro de efeitos sazonais, como aumento do consumo durante o inverno no hemisf\u00e9rio norte.<\/p>\n\n\n\n<p>O ano tem sido de aumento generalizado no setor de g\u00e1s. Houve tamb\u00e9m alta expressiva no g\u00e1s natural. Dentre junho de 2018 e junho de 2019, o pre\u00e7o deste g\u00e1s entregue a distribuidoras subiu, em m\u00e9dia no pa\u00eds, quase 30%.<\/p>\n\n\n\n<p>O pre\u00e7o do g\u00e1s natural vendido pela Petrobras tamb\u00e9m acompanha a varia\u00e7\u00e3o das cota\u00e7\u00f5es internacionais de \u00f3leos combust\u00edveis e a taxa de c\u00e2mbio. \u00c9 ajustado a cada tr\u00eas meses, de acordo com a evolu\u00e7\u00e3o dos indicadores em trimestres anteriores.<\/p>\n\n\n\n<p>A alta em 2019 tem forte impacto da escalada do d\u00f3lar a partir do per\u00edodo eleitoral, quando a moeda norte-americana chegou a bater a casa dos R$ 4,10. Neste ano, o d\u00f3lar foi a R$ 4,26 e agora est\u00e1 na casa de R$ 4,063.<\/p>\n\n\n\n<p>O governo Jair Bolsonaro (sem partido) considera o setor de g\u00e1s estrat\u00e9gico e iniciou um programa para reduzir a press\u00e3o de pre\u00e7os no setor.<\/p>\n\n\n\n<p>O projeto prev\u00ea a redu\u00e7\u00e3o da participa\u00e7\u00e3o da Petrobras no g\u00e1s e aumento da concorr\u00eancia privada. O pacote em gesta\u00e7\u00e3o inclui ainda outros tr\u00eas pilares: revis\u00e3o do modelo tribut\u00e1rio do setor, incentivo ao uso do g\u00e1s para gera\u00e7\u00e3o de energia e novo marco jur\u00eddico para a distribui\u00e7\u00e3o, para apoiar a figura dos consumidores livres de g\u00e1s (que podem negociar o produto sem a distribuidora).<\/p>\n","protected":false},"excerpt":{"rendered":"<p>&nbsp;A Petrobras ir\u00e1 reajustar o pre\u00e7o do g\u00e1s de cozinha em cerca de 5% a partir desta sexta-feira (27), segundo a reportagem apurou. A alta&hellip; <\/p>\n","protected":false},"author":1,"featured_media":96286,"comment_status":"closed","ping_status":"closed","sticky":false,"template":"","format":"standard","meta":{"sfsi_plus_gutenberg_text_before_share":"","sfsi_plus_gutenberg_show_text_before_share":"","sfsi_plus_gutenberg_icon_type":"","sfsi_plus_gutenberg_icon_alignemt":"","sfsi_plus_gutenburg_max_per_row":"","footnotes":""},"categories":[2],"tags":[],"class_list":["post-143169","post","type-post","status-publish","format-standard","has-post-thumbnail","hentry","category-geral"],"_links":{"self":[{"href":"https:\/\/www.caririemacao.com\/1\/wp-json\/wp\/v2\/posts\/143169","targetHints":{"allow":["GET"]}}],"collection":[{"href":"https:\/\/www.caririemacao.com\/1\/wp-json\/wp\/v2\/posts"}],"about":[{"href":"https:\/\/www.caririemacao.com\/1\/wp-json\/wp\/v2\/types\/post"}],"author":[{"embeddable":true,"href":"https:\/\/www.caririemacao.com\/1\/wp-json\/wp\/v2\/users\/1"}],"replies":[{"embeddable":true,"href":"https:\/\/www.caririemacao.com\/1\/wp-json\/wp\/v2\/comments?post=143169"}],"version-history":[{"count":1,"href":"https:\/\/www.caririemacao.com\/1\/wp-json\/wp\/v2\/posts\/143169\/revisions"}],"predecessor-version":[{"id":143170,"href":"https:\/\/www.caririemacao.com\/1\/wp-json\/wp\/v2\/posts\/143169\/revisions\/143170"}],"wp:featuredmedia":[{"embeddable":true,"href":"https:\/\/www.caririemacao.com\/1\/wp-json\/wp\/v2\/media\/96286"}],"wp:attachment":[{"href":"https:\/\/www.caririemacao.com\/1\/wp-json\/wp\/v2\/media?parent=143169"}],"wp:term":[{"taxonomy":"category","embeddable":true,"href":"https:\/\/www.caririemacao.com\/1\/wp-json\/wp\/v2\/categories?post=143169"},{"taxonomy":"post_tag","embeddable":true,"href":"https:\/\/www.caririemacao.com\/1\/wp-json\/wp\/v2\/tags?post=143169"}],"curies":[{"name":"wp","href":"https:\/\/api.w.org\/{rel}","templated":true}]}}