{"id":143176,"date":"2019-12-27T08:55:13","date_gmt":"2019-12-27T11:55:13","guid":{"rendered":"http:\/\/www.caririemacao.com\/1\/?p=143176"},"modified":"2019-12-27T08:55:13","modified_gmt":"2019-12-27T11:55:13","slug":"prefeitura-de-caraubas-inicia-limpeza-dos-portais-de-acesso-a-cidade","status":"publish","type":"post","link":"https:\/\/www.caririemacao.com\/1\/2019\/12\/27\/prefeitura-de-caraubas-inicia-limpeza-dos-portais-de-acesso-a-cidade\/","title":{"rendered":"Prefeitura de Cara\u00fabas inicia limpeza dos portais de acesso a cidade"},"content":{"rendered":"\n<p>A secretaria de Obras P\u00fablicas e Servi\u00e7os Urbanos da Prefeitura Municipal de Cara\u00fabas iniciou hoje a limpeza do Portal de Acesso a cidade de Cara\u00fabas localizado na PB 196, na sa\u00edda da cidade para o munic\u00edpio de Barra de S\u00e3o Miguel, que est\u00e1 em fase final de constru\u00e7\u00e3o.<\/p>\n\n\n\n<p>Todos os portais, num total de 03(tr\u00eas), s\u00f3 faltam receber agora a camada de ACM para sua conclus\u00e3o. <\/p>\n\n\n\n<p>De acordo com o secret\u00e1rio de Obras, Jos\u00e9 Marcelo Neves, a obra s\u00f3 n\u00e3o foi conclu\u00edda ainda pela construtora A&amp;F Constru\u00e7\u00f5es porque o profissional respons\u00e1vel pela coloca\u00e7\u00e3o ainda n\u00e3o encontrou espa\u00e7o na agenda para realizar o servi\u00e7o. <\/p>\n\n\n\n<p>Mas o engenheiro Aroldo, respons\u00e1vel pela empresa garantiu que em Janeiro\u20192020, todos ser\u00e3o entregues para que a gest\u00e3o possa marcar a data da inaugura\u00e7\u00e3o.\u00a0<\/p>\n\n\n\n<p>O prefeito Silvano Dudu disse que sua preocupa\u00e7\u00e3o agora \u00e9 em conservar a estrutura, que por sinal \u00e9 bem diferente dos demais portais existentes na regi\u00e3o e que valorizam as caracter\u00edsticas, tur\u00edsticas, culturais e econ\u00f4micas do munic\u00edpio e da regi\u00e3o. <\/p>\n\n\n\n<p>Uma obra que ir\u00e1 embelezar ainda mais o nosso paisagismo e que ficar\u00e1 para sempre na mem\u00f3ria de todos os caraubenses, afirmou ele.Nosso maior orgulho \u00e9 saber que essa obra teve a marca de nossas crian\u00e7as, que atrav\u00e9s de edital p\u00fablico concorreram com outras centenas e foram escolhidas por seus desenhos que ir\u00e3o representar nosso munic\u00edpio a partir desse contexto, disse a secret\u00e1ria da educa\u00e7\u00e3o Rhayanne Fernandes.<\/p>\n\n\n\n<p>J\u00e1 o secret\u00e1rio do Planejamento, jornalista Eduardo Belo, afirmou que essa foi uma das obras mais bem planejadas que a cidade j\u00e1 teve realizada, pois, envolveu diversos segmentos, dentre eles o educacional, do turismo, da cultura, de obras, das unidades de ensino, de professores e da sociedade civil. <\/p>\n\n\n\n<p>\u00c9 uma realiza\u00e7\u00e3o fant\u00e1stica puder concretizar o sonho de uma crian\u00e7a, disse ele.Os portais ainda n\u00e3o t\u00eam data para inaugura\u00e7\u00e3o, mais o prefeito garantiu que ir\u00e1 realizar uma grande solenidade p\u00fablica e quer a participa\u00e7\u00e3o de toda sociedade caraubenses neste dia que ficar\u00e1 marcado na hist\u00f3ria da nossa cidade, concluiu.<\/p>\n\n\n\n<p>\u00a0Fonte:\u00a0<strong>SEPLACOM<\/strong><\/p>\n\n\n\n<p>Foto:\u00a0<strong>MARCOS FERNANDES E MIGUEL FILHO<\/strong><\/p>\n","protected":false},"excerpt":{"rendered":"<p>A secretaria de Obras P\u00fablicas e Servi\u00e7os Urbanos da Prefeitura Municipal de Cara\u00fabas iniciou hoje a limpeza do Portal de Acesso a cidade de Cara\u00fabas&hellip; <\/p>\n","protected":false},"author":1,"featured_media":143177,"comment_status":"closed","ping_status":"closed","sticky":false,"template":"","format":"standard","meta":{"sfsi_plus_gutenberg_text_before_share":"","sfsi_plus_gutenberg_show_text_before_share":"","sfsi_plus_gutenberg_icon_type":"","sfsi_plus_gutenberg_icon_alignemt":"","sfsi_plus_gutenburg_max_per_row":"","footnotes":""},"categories":[6],"tags":[],"class_list":["post-143176","post","type-post","status-publish","format-standard","has-post-thumbnail","hentry","category-cidades"],"_links":{"self":[{"href":"https:\/\/www.caririemacao.com\/1\/wp-json\/wp\/v2\/posts\/143176","targetHints":{"allow":["GET"]}}],"collection":[{"href":"https:\/\/www.caririemacao.com\/1\/wp-json\/wp\/v2\/posts"}],"about":[{"href":"https:\/\/www.caririemacao.com\/1\/wp-json\/wp\/v2\/types\/post"}],"author":[{"embeddable":true,"href":"https:\/\/www.caririemacao.com\/1\/wp-json\/wp\/v2\/users\/1"}],"replies":[{"embeddable":true,"href":"https:\/\/www.caririemacao.com\/1\/wp-json\/wp\/v2\/comments?post=143176"}],"version-history":[{"count":1,"href":"https:\/\/www.caririemacao.com\/1\/wp-json\/wp\/v2\/posts\/143176\/revisions"}],"predecessor-version":[{"id":143178,"href":"https:\/\/www.caririemacao.com\/1\/wp-json\/wp\/v2\/posts\/143176\/revisions\/143178"}],"wp:featuredmedia":[{"embeddable":true,"href":"https:\/\/www.caririemacao.com\/1\/wp-json\/wp\/v2\/media\/143177"}],"wp:attachment":[{"href":"https:\/\/www.caririemacao.com\/1\/wp-json\/wp\/v2\/media?parent=143176"}],"wp:term":[{"taxonomy":"category","embeddable":true,"href":"https:\/\/www.caririemacao.com\/1\/wp-json\/wp\/v2\/categories?post=143176"},{"taxonomy":"post_tag","embeddable":true,"href":"https:\/\/www.caririemacao.com\/1\/wp-json\/wp\/v2\/tags?post=143176"}],"curies":[{"name":"wp","href":"https:\/\/api.w.org\/{rel}","templated":true}]}}