{"id":143181,"date":"2019-12-27T08:56:16","date_gmt":"2019-12-27T11:56:16","guid":{"rendered":"http:\/\/www.caririemacao.com\/1\/?p=143181"},"modified":"2019-12-27T08:56:16","modified_gmt":"2019-12-27T11:56:16","slug":"fluminense-renova-contrato-com-lateral-ate-2022","status":"publish","type":"post","link":"https:\/\/www.caririemacao.com\/1\/2019\/12\/27\/fluminense-renova-contrato-com-lateral-ate-2022\/","title":{"rendered":"Fluminense renova contrato com lateral at\u00e9 2022"},"content":{"rendered":"\n<p>O lateral-direito Gilberto assinou contrato com o Fluminense at\u00e9 julho de 2022. O clube carioca entrou em um acordo com o clube Fiorentina, da It\u00e1lia, em que adquiriu 50% dos direitos econ\u00f4micos do jogador.<\/p>\n\n\n\n<p>Gilberto chegou ao tricolor emprestado pelo clube italiano, em janeiro de 2018. Em 2019, os clubes acertaram um novo empr\u00e9stimo at\u00e9 o final da temporada.<\/p>\n\n\n\n<p>Outro jogador que&nbsp;tamb\u00e9m vestir\u00e1 a camisa verde, branca e gren\u00e1 em 2020 ser\u00e1 o atacante Pablo Dyego, de 25 anos. O atleta, revelado pelo clube das Laranjeiras,&nbsp;tinha o contrato por encerrar no fim deste m\u00eas.<\/p>\n\n\n\n<p>Com o novo acordo entre o Fluminense e Pablo Dyego, o v\u00ednculo entre ambas as partes foi estendido at\u00e9 dezembro de 2021.<br><\/p>\n","protected":false},"excerpt":{"rendered":"<p>O lateral-direito Gilberto assinou contrato com o Fluminense at\u00e9 julho de 2022. O clube carioca entrou em um acordo com o clube Fiorentina, da It\u00e1lia,&hellip; <\/p>\n","protected":false},"author":1,"featured_media":143182,"comment_status":"closed","ping_status":"closed","sticky":false,"template":"","format":"standard","meta":{"sfsi_plus_gutenberg_text_before_share":"","sfsi_plus_gutenberg_show_text_before_share":"","sfsi_plus_gutenberg_icon_type":"","sfsi_plus_gutenberg_icon_alignemt":"","sfsi_plus_gutenburg_max_per_row":"","footnotes":""},"categories":[13],"tags":[],"class_list":["post-143181","post","type-post","status-publish","format-standard","has-post-thumbnail","hentry","category-esportes"],"_links":{"self":[{"href":"https:\/\/www.caririemacao.com\/1\/wp-json\/wp\/v2\/posts\/143181","targetHints":{"allow":["GET"]}}],"collection":[{"href":"https:\/\/www.caririemacao.com\/1\/wp-json\/wp\/v2\/posts"}],"about":[{"href":"https:\/\/www.caririemacao.com\/1\/wp-json\/wp\/v2\/types\/post"}],"author":[{"embeddable":true,"href":"https:\/\/www.caririemacao.com\/1\/wp-json\/wp\/v2\/users\/1"}],"replies":[{"embeddable":true,"href":"https:\/\/www.caririemacao.com\/1\/wp-json\/wp\/v2\/comments?post=143181"}],"version-history":[{"count":1,"href":"https:\/\/www.caririemacao.com\/1\/wp-json\/wp\/v2\/posts\/143181\/revisions"}],"predecessor-version":[{"id":143183,"href":"https:\/\/www.caririemacao.com\/1\/wp-json\/wp\/v2\/posts\/143181\/revisions\/143183"}],"wp:featuredmedia":[{"embeddable":true,"href":"https:\/\/www.caririemacao.com\/1\/wp-json\/wp\/v2\/media\/143182"}],"wp:attachment":[{"href":"https:\/\/www.caririemacao.com\/1\/wp-json\/wp\/v2\/media?parent=143181"}],"wp:term":[{"taxonomy":"category","embeddable":true,"href":"https:\/\/www.caririemacao.com\/1\/wp-json\/wp\/v2\/categories?post=143181"},{"taxonomy":"post_tag","embeddable":true,"href":"https:\/\/www.caririemacao.com\/1\/wp-json\/wp\/v2\/tags?post=143181"}],"curies":[{"name":"wp","href":"https:\/\/api.w.org\/{rel}","templated":true}]}}