{"id":143186,"date":"2019-12-27T08:58:42","date_gmt":"2019-12-27T11:58:42","guid":{"rendered":"http:\/\/www.caririemacao.com\/1\/?p=143186"},"modified":"2019-12-27T08:58:42","modified_gmt":"2019-12-27T11:58:42","slug":"apos-fim-de-contrato-com-os-joao-azevedo-nomeia-novos-diretores-para-hospitais-paraibanos","status":"publish","type":"post","link":"https:\/\/www.caririemacao.com\/1\/2019\/12\/27\/apos-fim-de-contrato-com-os-joao-azevedo-nomeia-novos-diretores-para-hospitais-paraibanos\/","title":{"rendered":"Ap\u00f3s fim de contrato com OS, Jo\u00e3o Azev\u00eado nomeia novos diretores para hospitais paraibanos"},"content":{"rendered":"\n<p>O governador Jo\u00e3o Azev\u00eado nomeou novas equipes de dire\u00e7\u00e3o para o Hospital de Emerg\u00eancia e Trauma Senador Humberto Lucena, em Jo\u00e3o Pessoa e o Hospital Geral de Mamanguape. Ambos os estabelecimentos tiveram seus contratos com Organiza\u00e7\u00f5es Sociais (OS) finalizados ap\u00f3s den\u00fancias de corrup\u00e7\u00e3o levantadas pela Opera\u00e7\u00e3o Calv\u00e1rio.<\/p>\n\n\n\n<p>As novas equipes s\u00e3o formadas por membros da Secretaria Municipal de Sa\u00fade. O novo diretor do Hospital de Trauma de Jo\u00e3o Pessoa ser\u00e1 Leonardo de Lima Leite. J\u00e1 a dire\u00e7\u00e3o geral do Hospital de Mamanguape ficar\u00e1 a cargo de Daniel Jos\u00e9 Gon\u00e7alves.<\/p>\n\n\n\n<p>As mudan\u00e7as foram divulgadas no Di\u00e1rio Oficial do Estado desta sexta-feira (27). Veja as equipes completas:<\/p>\n\n\n\n<figure class=\"wp-block-image\"><img decoding=\"async\" data-src=\"https:\/\/www.clickpb.com.br\/media\/filer_public\/98\/84\/9884891c-9894-4826-9ea5-bdc381cdd689\/equipe_trauma_2.jpg\" alt=\"\" src=\"data:image\/svg+xml;base64,PHN2ZyB3aWR0aD0iMSIgaGVpZ2h0PSIxIiB4bWxucz0iaHR0cDovL3d3dy53My5vcmcvMjAwMC9zdmciPjwvc3ZnPg==\" class=\"lazyload\" \/><\/figure>\n\n\n\n<figure class=\"wp-block-image\"><img decoding=\"async\" data-src=\"https:\/\/www.clickpb.com.br\/media\/filer_public\/36\/9e\/369e9bcf-f7e0-4f00-a799-8e96968442cd\/equipe_trauma.jpg\" alt=\"\" src=\"data:image\/svg+xml;base64,PHN2ZyB3aWR0aD0iMSIgaGVpZ2h0PSIxIiB4bWxucz0iaHR0cDovL3d3dy53My5vcmcvMjAwMC9zdmciPjwvc3ZnPg==\" class=\"lazyload\" \/><\/figure>\n\n\n\n<figure class=\"wp-block-image\"><img decoding=\"async\" data-src=\"https:\/\/www.clickpb.com.br\/media\/filer_public\/ae\/59\/ae592507-48ba-4a9c-bcf1-dae50de3fd1c\/equipe_hospital_de_mamanguape.jpg\" alt=\"\" src=\"data:image\/svg+xml;base64,PHN2ZyB3aWR0aD0iMSIgaGVpZ2h0PSIxIiB4bWxucz0iaHR0cDovL3d3dy53My5vcmcvMjAwMC9zdmciPjwvc3ZnPg==\" class=\"lazyload\" \/><\/figure>\n","protected":false},"excerpt":{"rendered":"<p>O governador Jo\u00e3o Azev\u00eado nomeou novas equipes de dire\u00e7\u00e3o para o Hospital de Emerg\u00eancia e Trauma Senador Humberto Lucena, em Jo\u00e3o Pessoa e o Hospital&hellip; <\/p>\n","protected":false},"author":1,"featured_media":132051,"comment_status":"closed","ping_status":"closed","sticky":false,"template":"","format":"standard","meta":{"sfsi_plus_gutenberg_text_before_share":"","sfsi_plus_gutenberg_show_text_before_share":"","sfsi_plus_gutenberg_icon_type":"","sfsi_plus_gutenberg_icon_alignemt":"","sfsi_plus_gutenburg_max_per_row":"","footnotes":""},"categories":[11],"tags":[],"class_list":["post-143186","post","type-post","status-publish","format-standard","has-post-thumbnail","hentry","category-politica"],"_links":{"self":[{"href":"https:\/\/www.caririemacao.com\/1\/wp-json\/wp\/v2\/posts\/143186","targetHints":{"allow":["GET"]}}],"collection":[{"href":"https:\/\/www.caririemacao.com\/1\/wp-json\/wp\/v2\/posts"}],"about":[{"href":"https:\/\/www.caririemacao.com\/1\/wp-json\/wp\/v2\/types\/post"}],"author":[{"embeddable":true,"href":"https:\/\/www.caririemacao.com\/1\/wp-json\/wp\/v2\/users\/1"}],"replies":[{"embeddable":true,"href":"https:\/\/www.caririemacao.com\/1\/wp-json\/wp\/v2\/comments?post=143186"}],"version-history":[{"count":1,"href":"https:\/\/www.caririemacao.com\/1\/wp-json\/wp\/v2\/posts\/143186\/revisions"}],"predecessor-version":[{"id":143187,"href":"https:\/\/www.caririemacao.com\/1\/wp-json\/wp\/v2\/posts\/143186\/revisions\/143187"}],"wp:featuredmedia":[{"embeddable":true,"href":"https:\/\/www.caririemacao.com\/1\/wp-json\/wp\/v2\/media\/132051"}],"wp:attachment":[{"href":"https:\/\/www.caririemacao.com\/1\/wp-json\/wp\/v2\/media?parent=143186"}],"wp:term":[{"taxonomy":"category","embeddable":true,"href":"https:\/\/www.caririemacao.com\/1\/wp-json\/wp\/v2\/categories?post=143186"},{"taxonomy":"post_tag","embeddable":true,"href":"https:\/\/www.caririemacao.com\/1\/wp-json\/wp\/v2\/tags?post=143186"}],"curies":[{"name":"wp","href":"https:\/\/api.w.org\/{rel}","templated":true}]}}