{"id":143189,"date":"2019-12-27T09:01:12","date_gmt":"2019-12-27T12:01:12","guid":{"rendered":"http:\/\/www.caririemacao.com\/1\/?p=143189"},"modified":"2019-12-27T09:01:12","modified_gmt":"2019-12-27T12:01:12","slug":"bolsonaro-diz-que-pais-estara-em-boas-maos-se-moro-for-candidato-em-2022","status":"publish","type":"post","link":"https:\/\/www.caririemacao.com\/1\/2019\/12\/27\/bolsonaro-diz-que-pais-estara-em-boas-maos-se-moro-for-candidato-em-2022\/","title":{"rendered":"Bolsonaro diz que pa\u00eds estar\u00e1 em boas m\u00e3os se Moro for candidato em 2022"},"content":{"rendered":"\n<p>Ao mesmo tempo em que colocou em d\u00favida a disposi\u00e7\u00e3o de tentar a reelei\u00e7\u00e3o, o presidente Jair Bolsonaro (sem partido) afirmou nesta quinta-feira (26) que o Brasil estar\u00e1 em boas m\u00e3os se o ex-juiz Sergio Moro for candidato \u00e0 sua sucess\u00e3o, em 2022.<\/p>\n\n\n\n<p>De acordo com o presidente, o atual ministro da Justi\u00e7a &#8220;\u00e9 adorado no Brasil&#8221; e &#8220;tem potencial enorme&#8221;.<\/p>\n\n\n\n<p>As declara\u00e7\u00f5es foram dadas em sua live semanal, ao explicar por que sancionou a regra que cria a figura do juiz das garantias, em detrimento da opini\u00e3o contr\u00e1ria de seu ministro.<\/p>\n\n\n\n<p>Bolsonaro afirmou que, apesar da discord\u00e2ncia com Moro, o ministro tem feito um &#8220;trabalho excepcional&#8221; e que ele tem consultado o ex-juiz em quest\u00f5es de seu governo.<br>O titular do Planalto lembrou que, durante as discuss\u00f5es sobre a flexibiliza\u00e7\u00e3o da posse de armas no pa\u00eds, tamb\u00e9m adotou posi\u00e7\u00e3o diferente da de Moro.<\/p>\n\n\n\n<p>&#8220;Eu j\u00e1 discordei dele. Como j\u00e1 discordei de outros ministros tamb\u00e9m. Eu acho que a taxa de concord\u00e2ncia com os ministros \u00e9 em torno de 95%. Est\u00e1 indo muito bem&#8221;, disse.<\/p>\n\n\n\n<p>Em seguida, acrescentou: &#8220;O Moro tem um potencial enorme. Ele \u00e9 adorado no Brasil. Pessoal fala que ele deve encarar como presidente. Se o Moro vier, que seja feliz, n\u00e3o tem problema, vai estar em boas m\u00e3os o Brasil&#8221;.<\/p>\n\n\n\n<p>E eu n\u00e3o sei se eu vou vir candidato em 2022&#8243;, concluiu o presidente.<\/p>\n\n\n\n<p>Bolsonaro j\u00e1 chegou a afirmar que uma chapa dele tendo Moro como vice seria imbat\u00edvel.<\/p>\n\n\n\n<p>De acordo com o Datafolha, o ex-magistrado, respons\u00e1vel pela Lava Jato em Curitiba, se consolidou como o ministro mais bem avaliado no primeiro ano do governo Bolsonaro.<\/p>\n\n\n\n<p>O ex-magistrado goza de apoio popular maior do que o do pr\u00f3prio presidente -entre os que dizem conhec\u00ea-lo, 53% avaliam sua gest\u00e3o no minist\u00e9rio como \u00f3tima ou boa.<br>Bolsonaro tem indicadores mais modestos, com 30% de \u00f3timo ou bom.<\/p>\n","protected":false},"excerpt":{"rendered":"<p>Ao mesmo tempo em que colocou em d\u00favida a disposi\u00e7\u00e3o de tentar a reelei\u00e7\u00e3o, o presidente Jair Bolsonaro (sem partido) afirmou nesta quinta-feira (26) que&hellip; <\/p>\n","protected":false},"author":1,"featured_media":102746,"comment_status":"closed","ping_status":"closed","sticky":false,"template":"","format":"standard","meta":{"sfsi_plus_gutenberg_text_before_share":"","sfsi_plus_gutenberg_show_text_before_share":"","sfsi_plus_gutenberg_icon_type":"","sfsi_plus_gutenberg_icon_alignemt":"","sfsi_plus_gutenburg_max_per_row":"","footnotes":""},"categories":[50,11],"tags":[],"class_list":["post-143189","post","type-post","status-publish","format-standard","has-post-thumbnail","hentry","category-destaque","category-politica"],"_links":{"self":[{"href":"https:\/\/www.caririemacao.com\/1\/wp-json\/wp\/v2\/posts\/143189","targetHints":{"allow":["GET"]}}],"collection":[{"href":"https:\/\/www.caririemacao.com\/1\/wp-json\/wp\/v2\/posts"}],"about":[{"href":"https:\/\/www.caririemacao.com\/1\/wp-json\/wp\/v2\/types\/post"}],"author":[{"embeddable":true,"href":"https:\/\/www.caririemacao.com\/1\/wp-json\/wp\/v2\/users\/1"}],"replies":[{"embeddable":true,"href":"https:\/\/www.caririemacao.com\/1\/wp-json\/wp\/v2\/comments?post=143189"}],"version-history":[{"count":1,"href":"https:\/\/www.caririemacao.com\/1\/wp-json\/wp\/v2\/posts\/143189\/revisions"}],"predecessor-version":[{"id":143192,"href":"https:\/\/www.caririemacao.com\/1\/wp-json\/wp\/v2\/posts\/143189\/revisions\/143192"}],"wp:featuredmedia":[{"embeddable":true,"href":"https:\/\/www.caririemacao.com\/1\/wp-json\/wp\/v2\/media\/102746"}],"wp:attachment":[{"href":"https:\/\/www.caririemacao.com\/1\/wp-json\/wp\/v2\/media?parent=143189"}],"wp:term":[{"taxonomy":"category","embeddable":true,"href":"https:\/\/www.caririemacao.com\/1\/wp-json\/wp\/v2\/categories?post=143189"},{"taxonomy":"post_tag","embeddable":true,"href":"https:\/\/www.caririemacao.com\/1\/wp-json\/wp\/v2\/tags?post=143189"}],"curies":[{"name":"wp","href":"https:\/\/api.w.org\/{rel}","templated":true}]}}