{"id":143195,"date":"2019-12-27T09:03:10","date_gmt":"2019-12-27T12:03:10","guid":{"rendered":"http:\/\/www.caririemacao.com\/1\/?p=143195"},"modified":"2019-12-27T09:03:10","modified_gmt":"2019-12-27T12:03:10","slug":"estado-define-plano-de-vacinacao-contra-febre-amarela","status":"publish","type":"post","link":"https:\/\/www.caririemacao.com\/1\/2019\/12\/27\/estado-define-plano-de-vacinacao-contra-febre-amarela\/","title":{"rendered":"Estado define plano de vacina\u00e7\u00e3o contra febre amarela"},"content":{"rendered":"\n<p>Atrav\u00e9s de portaria publicada na edi\u00e7\u00e3o desta sexta-feira (27), no Di\u00e1rio Oficial do Estado, o governo divulgou o plano de a\u00e7\u00e3o para implanta\u00e7\u00e3o da vacina febre amarela na Para\u00edba.<\/p>\n\n\n\n<p>Tendo em vista a popula\u00e7\u00e3o \u2013 alvo na Para\u00edba ser composta de aproximadamente 3.350.000 pessoas e os insumos estadual est\u00e1 em torno de 315 mil seringas, fica invi\u00e1vel a implanta\u00e7\u00e3o da vacina em toda popula\u00e7\u00e3o recomendada. Sendo assim, o governo sugere a execu\u00e7\u00e3o em tr\u00eas fases, a seguir:<\/p>\n\n\n\n<p>\u2013 Implanta\u00e7\u00e3o da vacina para crian\u00e7as de 9 meses a menores de 5 anos nas regi\u00f5es que fazem parte do corredor de risco para a introdu\u00e7\u00e3o do v\u00edrus, totalizando 154.386 crian\u00e7as- entre janeiro e maio de 2020;<\/p>\n\n\n\n<p>\u2013 Implanta\u00e7\u00e3o da vacina para crian\u00e7as de 9 meses a menores de 5 anos nas demais regi\u00f5es do Estado, totalizando 123.030 crian\u00e7as- entre agosto e dezembro de 2020;<\/p>\n\n\n\n<p>\u2013 Amplia\u00e7\u00e3o gradativa das demais faixas et\u00e1rias, at\u00e9 59 anos, totalizando 3.064.613 pessoas- todo a ano de 2021<\/p>\n\n\n\n<div class=\"wp-block-image\"><figure class=\"aligncenter\"><img decoding=\"async\" data-src=\"https:\/\/i1.wp.com\/www.maispb.com.br\/wp-content\/uploads\/2019\/12\/diario-4.jpg?resize=570%2C275&amp;quality=90&amp;strip=all&amp;ssl=1\" alt=\"\" class=\"wp-image-435900 lazyload\" src=\"data:image\/svg+xml;base64,PHN2ZyB3aWR0aD0iMSIgaGVpZ2h0PSIxIiB4bWxucz0iaHR0cDovL3d3dy53My5vcmcvMjAwMC9zdmciPjwvc3ZnPg==\" \/><\/figure><\/div>\n\n\n\n<p><strong>MaisPB<\/strong><\/p>\n","protected":false},"excerpt":{"rendered":"<p>Atrav\u00e9s de portaria publicada na edi\u00e7\u00e3o desta sexta-feira (27), no Di\u00e1rio Oficial do Estado, o governo divulgou o plano de a\u00e7\u00e3o para implanta\u00e7\u00e3o da vacina&hellip; <\/p>\n","protected":false},"author":1,"featured_media":84564,"comment_status":"closed","ping_status":"closed","sticky":false,"template":"","format":"standard","meta":{"sfsi_plus_gutenberg_text_before_share":"","sfsi_plus_gutenberg_show_text_before_share":"","sfsi_plus_gutenberg_icon_type":"","sfsi_plus_gutenberg_icon_alignemt":"","sfsi_plus_gutenburg_max_per_row":"","footnotes":""},"categories":[50,16],"tags":[],"class_list":["post-143195","post","type-post","status-publish","format-standard","has-post-thumbnail","hentry","category-destaque","category-saude"],"_links":{"self":[{"href":"https:\/\/www.caririemacao.com\/1\/wp-json\/wp\/v2\/posts\/143195","targetHints":{"allow":["GET"]}}],"collection":[{"href":"https:\/\/www.caririemacao.com\/1\/wp-json\/wp\/v2\/posts"}],"about":[{"href":"https:\/\/www.caririemacao.com\/1\/wp-json\/wp\/v2\/types\/post"}],"author":[{"embeddable":true,"href":"https:\/\/www.caririemacao.com\/1\/wp-json\/wp\/v2\/users\/1"}],"replies":[{"embeddable":true,"href":"https:\/\/www.caririemacao.com\/1\/wp-json\/wp\/v2\/comments?post=143195"}],"version-history":[{"count":1,"href":"https:\/\/www.caririemacao.com\/1\/wp-json\/wp\/v2\/posts\/143195\/revisions"}],"predecessor-version":[{"id":143196,"href":"https:\/\/www.caririemacao.com\/1\/wp-json\/wp\/v2\/posts\/143195\/revisions\/143196"}],"wp:featuredmedia":[{"embeddable":true,"href":"https:\/\/www.caririemacao.com\/1\/wp-json\/wp\/v2\/media\/84564"}],"wp:attachment":[{"href":"https:\/\/www.caririemacao.com\/1\/wp-json\/wp\/v2\/media?parent=143195"}],"wp:term":[{"taxonomy":"category","embeddable":true,"href":"https:\/\/www.caririemacao.com\/1\/wp-json\/wp\/v2\/categories?post=143195"},{"taxonomy":"post_tag","embeddable":true,"href":"https:\/\/www.caririemacao.com\/1\/wp-json\/wp\/v2\/tags?post=143195"}],"curies":[{"name":"wp","href":"https:\/\/api.w.org\/{rel}","templated":true}]}}