{"id":143199,"date":"2019-12-27T09:06:34","date_gmt":"2019-12-27T12:06:34","guid":{"rendered":"http:\/\/www.caririemacao.com\/1\/?p=143199"},"modified":"2019-12-27T09:06:34","modified_gmt":"2019-12-27T12:06:34","slug":"medica-da-dicas-para-prevenir-cancer-de-pele","status":"publish","type":"post","link":"https:\/\/www.caririemacao.com\/1\/2019\/12\/27\/medica-da-dicas-para-prevenir-cancer-de-pele\/","title":{"rendered":"M\u00e9dica d\u00e1 dicas para prevenir c\u00e2ncer de pele"},"content":{"rendered":"\n<p>Na \u00e9poca mais quente do ano, onde h\u00e1 maior frequ\u00eancia das atividades ao ar livre, n\u00e3o custa nada refor\u00e7ar os cuidados com o maior \u00f3rg\u00e3o do nosso corpo: a pele. Ela precisa de hidrata\u00e7\u00e3o e muita prote\u00e7\u00e3o contra os raios ultravioletas do sol, que podem causar c\u00e2ncer.<\/p>\n\n\n\n<p>No Brasil, 30% dos tipos de c\u00e2ncer s\u00e3o de pele e a cada ano s\u00e3o diagnosticados 180 mil novos casos da doen\u00e7a. Por isso, \u00e9 bom estar atento \u00e0s formas de preven\u00e7\u00e3o. Bon\u00e9s, viseiras, chap\u00e9us, sombrinhas, \u00f3culos escuros com prote\u00e7\u00e3o UV, exposi\u00e7\u00e3o ao sol em hor\u00e1rios apropriados (entre 10h e 16h) s\u00e3o algumas atitudes que devem ser adotadas neste per\u00edodo.<\/p>\n\n\n\n<p>Outro aliado da pele no ver\u00e3o, seja para quem vai \u00e0 praia ou simplesmente ao escrit\u00f3rio, \u00e9 o protetor solar. A dermatologista Ismmaelli Veras, m\u00e9dica cooperada da Unimed Jo\u00e3o Pessoa, explica como ele deve ser usado. \u201cDeve-se&nbsp;aplicar o protetor solar 30 minutos antes da exposi\u00e7\u00e3o, de no m\u00ednimo fator 30, e replicar a cada 2 horas quando em&nbsp;&nbsp;atividades ao ar livre ou a cada imers\u00e3o em \u00e1gua\u201d, frisou.<\/p>\n\n\n\n<p>A dermatologista alerta que, apesar de ser mais comum em pessoas com mais de 40 anos, a m\u00e9dia de idade dos pacientes vem diminuindo devido a constante exposi\u00e7\u00e3o de jovens aos raios solares.<\/p>\n\n\n\n<p><strong>Fatores de risco<\/strong><\/p>\n\n\n\n<p>Os principais fatores de risco do c\u00e2ncer de pele s\u00e3o:<\/p>\n\n\n\n<p>Exposi\u00e7\u00e3o prolongada e repetida ao sol, principalmente na inf\u00e2ncia e adolesc\u00eancia;<\/p>\n\n\n\n<p>Ter pele e olhos claros, cabelos ruivos ou loiros, ou ser albino;<\/p>\n\n\n\n<p>Ter hist\u00f3ria familiar ou pessoal de c\u00e2ncer de pele;<\/p>\n\n\n\n<p>Sistema imune debilitado e exposi\u00e7\u00e3o \u00e0 radia\u00e7\u00e3o artificial (c\u00e2maras de bronzeamento).<\/p>\n\n\n\n<p><strong>&nbsp;Preven\u00e7\u00e3o<\/strong><\/p>\n\n\n\n<p><strong>Confira alguma dicas da dermatologista Ismmaelli Veras de como prevenir o c\u00e2ncer de pele:<\/strong><\/p>\n\n\n\n<p>Evitar exposi\u00e7\u00e3o solar entre 10h e 16h;<\/p>\n\n\n\n<p>Usar prote\u00e7\u00e3o adequada, como roupas, bon\u00e9s ou chap\u00e9us de abas largas, \u00f3culos escuros com prote\u00e7\u00e3o UV, sombrinhas e barracas (para quem vai \u00e0 praia);<\/p>\n\n\n\n<p>Aplicar protetor solar 30 minutos antes da exposi\u00e7\u00e3o, de no m\u00ednimo fator 30 e replicar a cada 2 horas quando em atividades ao ar livre e\/ou a cada imers\u00e3o em \u00e1gua.<\/p>\n\n\n\n<p><strong>MaisPB<\/strong><\/p>\n","protected":false},"excerpt":{"rendered":"<p>Na \u00e9poca mais quente do ano, onde h\u00e1 maior frequ\u00eancia das atividades ao ar livre, n\u00e3o custa nada refor\u00e7ar os cuidados com o maior \u00f3rg\u00e3o&hellip; <\/p>\n","protected":false},"author":1,"featured_media":143201,"comment_status":"closed","ping_status":"closed","sticky":false,"template":"","format":"standard","meta":{"sfsi_plus_gutenberg_text_before_share":"","sfsi_plus_gutenberg_show_text_before_share":"","sfsi_plus_gutenberg_icon_type":"","sfsi_plus_gutenberg_icon_alignemt":"","sfsi_plus_gutenburg_max_per_row":"","footnotes":""},"categories":[50,16],"tags":[],"class_list":["post-143199","post","type-post","status-publish","format-standard","has-post-thumbnail","hentry","category-destaque","category-saude"],"_links":{"self":[{"href":"https:\/\/www.caririemacao.com\/1\/wp-json\/wp\/v2\/posts\/143199","targetHints":{"allow":["GET"]}}],"collection":[{"href":"https:\/\/www.caririemacao.com\/1\/wp-json\/wp\/v2\/posts"}],"about":[{"href":"https:\/\/www.caririemacao.com\/1\/wp-json\/wp\/v2\/types\/post"}],"author":[{"embeddable":true,"href":"https:\/\/www.caririemacao.com\/1\/wp-json\/wp\/v2\/users\/1"}],"replies":[{"embeddable":true,"href":"https:\/\/www.caririemacao.com\/1\/wp-json\/wp\/v2\/comments?post=143199"}],"version-history":[{"count":1,"href":"https:\/\/www.caririemacao.com\/1\/wp-json\/wp\/v2\/posts\/143199\/revisions"}],"predecessor-version":[{"id":143202,"href":"https:\/\/www.caririemacao.com\/1\/wp-json\/wp\/v2\/posts\/143199\/revisions\/143202"}],"wp:featuredmedia":[{"embeddable":true,"href":"https:\/\/www.caririemacao.com\/1\/wp-json\/wp\/v2\/media\/143201"}],"wp:attachment":[{"href":"https:\/\/www.caririemacao.com\/1\/wp-json\/wp\/v2\/media?parent=143199"}],"wp:term":[{"taxonomy":"category","embeddable":true,"href":"https:\/\/www.caririemacao.com\/1\/wp-json\/wp\/v2\/categories?post=143199"},{"taxonomy":"post_tag","embeddable":true,"href":"https:\/\/www.caririemacao.com\/1\/wp-json\/wp\/v2\/tags?post=143199"}],"curies":[{"name":"wp","href":"https:\/\/api.w.org\/{rel}","templated":true}]}}