{"id":143214,"date":"2019-12-27T09:37:10","date_gmt":"2019-12-27T12:37:10","guid":{"rendered":"http:\/\/www.caririemacao.com\/1\/?p=143214"},"modified":"2019-12-27T09:37:10","modified_gmt":"2019-12-27T12:37:10","slug":"mais-um-incendio-atinge-regiao-do-cariri-e-fogo-e-controlado-apos-acoes-dos-moradores-e-prefeitura","status":"publish","type":"post","link":"https:\/\/www.caririemacao.com\/1\/2019\/12\/27\/mais-um-incendio-atinge-regiao-do-cariri-e-fogo-e-controlado-apos-acoes-dos-moradores-e-prefeitura\/","title":{"rendered":"Mais um inc\u00eandio atinge regi\u00e3o do Cariri e fogo \u00e9 controlado ap\u00f3s a\u00e7\u00f5es dos moradores e Prefeitura"},"content":{"rendered":"\n<p>A regi\u00e3o do Cariri voltou a registrar um grande inc\u00eandio, desta vez na zona rural de Serra Branca. O fogo come\u00e7ou por volta do meio dia desta quinta-feira (26) e s\u00f3 foi controlado na madrugada desta sexta (27). Os focos de inc\u00eandio come\u00e7aram na comunidade do Tatu e ainda atingiram pequena \u00e1rea do s\u00edtio Mulungu.<\/p>\n\n\n\n<p>Da BR 412 era poss\u00edvel perceber o tamanho do fogo, que s\u00f3 n\u00e3o se alastrou porque os moradores e a Prefeitura de Serra Branca se mobilizaram e abriram ro\u00e7o para evitar que o fogo ganhasse \u00edmpeto.<\/p>\n\n\n\n<p>Secret\u00e1rio de agricultura e obras e um dos propriet\u00e1rios do s\u00edtio atingido, a comunidade do Tatu, Andr\u00e9 Braz falou a nossa reportagem que o fogo s\u00f3 foi controlado \u00e0 1 hora da manh\u00e3, ap\u00f3s intenso trabalho de v\u00e1rios serra-branquenses que se ajudaram. Eles utilizaram m\u00e1quinas agr\u00edcolas de grande porte para abrir estradas e assim impedir que o fogo se alastrasse.<\/p>\n\n\n\n<p><strong>Onde est\u00e1 o Corpo de Bombeiros no Cariri?<\/strong><\/p>\n\n\n\n<p>Uma equipe do Corpo de Bombeiros de Campina Grande ainda esteve no local horas ap\u00f3s o in\u00edcio do inc\u00eandio, ajudou no controle as chamas, mas foi embora prometendo voltar com maior n\u00famero de profissionais na manh\u00e3 desta sexta caso as chamas persistissem.<\/p>\n\n\n\n<p>A falta de uma unidade do Corpo de Bombeiros na regi\u00e3o do Cariri continua sendo uma defici\u00eancia e mesmo com in\u00fameros apelos realizados, o Governo do Estado n\u00e3o deu qualquer posi\u00e7\u00e3o em rela\u00e7\u00e3o ao pleito.<\/p>\n\n\n\n<p>Uma equipe dedicada do Corpo de Bombeiros no Cariri poderia evitar trag\u00e9dias ou amenizar o efeito de cat\u00e1strofes naturais, especialmente pela rapidez com que o \u00f3rg\u00e3o poderia atuar.<\/p>\n\n\n\n<p><strong>De Olho no Cariri<\/strong><\/p>\n","protected":false},"excerpt":{"rendered":"<p>A regi\u00e3o do Cariri voltou a registrar um grande inc\u00eandio, desta vez na zona rural de Serra Branca. O fogo come\u00e7ou por volta do meio&hellip; <\/p>\n","protected":false},"author":1,"featured_media":143215,"comment_status":"closed","ping_status":"closed","sticky":false,"template":"","format":"standard","meta":{"sfsi_plus_gutenberg_text_before_share":"","sfsi_plus_gutenberg_show_text_before_share":"","sfsi_plus_gutenberg_icon_type":"","sfsi_plus_gutenberg_icon_alignemt":"","sfsi_plus_gutenburg_max_per_row":"","footnotes":""},"categories":[2],"tags":[],"class_list":["post-143214","post","type-post","status-publish","format-standard","has-post-thumbnail","hentry","category-geral"],"_links":{"self":[{"href":"https:\/\/www.caririemacao.com\/1\/wp-json\/wp\/v2\/posts\/143214","targetHints":{"allow":["GET"]}}],"collection":[{"href":"https:\/\/www.caririemacao.com\/1\/wp-json\/wp\/v2\/posts"}],"about":[{"href":"https:\/\/www.caririemacao.com\/1\/wp-json\/wp\/v2\/types\/post"}],"author":[{"embeddable":true,"href":"https:\/\/www.caririemacao.com\/1\/wp-json\/wp\/v2\/users\/1"}],"replies":[{"embeddable":true,"href":"https:\/\/www.caririemacao.com\/1\/wp-json\/wp\/v2\/comments?post=143214"}],"version-history":[{"count":1,"href":"https:\/\/www.caririemacao.com\/1\/wp-json\/wp\/v2\/posts\/143214\/revisions"}],"predecessor-version":[{"id":143216,"href":"https:\/\/www.caririemacao.com\/1\/wp-json\/wp\/v2\/posts\/143214\/revisions\/143216"}],"wp:featuredmedia":[{"embeddable":true,"href":"https:\/\/www.caririemacao.com\/1\/wp-json\/wp\/v2\/media\/143215"}],"wp:attachment":[{"href":"https:\/\/www.caririemacao.com\/1\/wp-json\/wp\/v2\/media?parent=143214"}],"wp:term":[{"taxonomy":"category","embeddable":true,"href":"https:\/\/www.caririemacao.com\/1\/wp-json\/wp\/v2\/categories?post=143214"},{"taxonomy":"post_tag","embeddable":true,"href":"https:\/\/www.caririemacao.com\/1\/wp-json\/wp\/v2\/tags?post=143214"}],"curies":[{"name":"wp","href":"https:\/\/api.w.org\/{rel}","templated":true}]}}