{"id":143230,"date":"2019-12-27T09:44:03","date_gmt":"2019-12-27T12:44:03","guid":{"rendered":"http:\/\/www.caririemacao.com\/1\/?p=143230"},"modified":"2019-12-27T09:44:03","modified_gmt":"2019-12-27T12:44:03","slug":"prazo-para-requerer-isencao-do-ipva-2020-termina-nesta-sexta-feira","status":"publish","type":"post","link":"https:\/\/www.caririemacao.com\/1\/2019\/12\/27\/prazo-para-requerer-isencao-do-ipva-2020-termina-nesta-sexta-feira\/","title":{"rendered":"Prazo para requerer isen\u00e7\u00e3o do IPVA 2020 termina nesta sexta-feira"},"content":{"rendered":"\n<p>O prazo para requerer a isen\u00e7\u00e3o do Imposto Sobre a Propriedade de Ve\u00edculos Automotores (IPVA) do exerc\u00edcio de 2020 termina nesta sexta-feira (27). Os cidad\u00e3os paraibanos devem procurar uma das 24 reparti\u00e7\u00f5es fiscais da Secretaria de Estado da Fazenda (Sefaz-PB), que s\u00e3o os Centros de Atendimento ao Cidad\u00e3o ou Unidades de Atendimento ao Cidad\u00e3o (antigas Recebedorias de Renda e Coletorias), para solicitar a isen\u00e7\u00e3o.<\/p>\n\n\n\n<p>Como os dias 30 e 31 de dezembro ser\u00e3o pontos facultativos nas reparti\u00e7\u00f5es p\u00fablicas do Estado, os contribuintes precisar\u00e3o antecipar a solicita\u00e7\u00e3o para ter o direito \u00e0 isen\u00e7\u00e3o do pr\u00f3ximo ano do tributo.<\/p>\n\n\n\n<p>As categorias como taxistas, portadores de defici\u00eancia (f\u00edsica, visual, mental ou autista), ve\u00edculos cadastrados no Minist\u00e9rio do Turismo na qualidade de transporte tur\u00edstico; motofrentistas e de motoboys at\u00e9 150 cc (cilindradas) precisam requerer a isen\u00e7\u00e3o at\u00e9 o \u00faltimo dia \u00fatil do ano como forma de gozar o direito em 2020. Para requerer a isen\u00e7\u00e3o, basta levar o documento de identidade com o CPF e fazer o protocolo na reparti\u00e7\u00e3o fiscal.<\/p>\n\n\n\n<p><strong>Entrega de documenta\u00e7\u00e3o s\u00f3 em 2020<\/strong><\/p>\n\n\n\n<p>A entrega dos documentos necess\u00e1rios para obter efetivamente a isen\u00e7\u00e3o como, por exemplo, os laudos m\u00e9dicos, comprovante de resid\u00eancia e demais documentos somente ser\u00e3o exigidos no m\u00eas do calend\u00e1rio de pagamento do IPVA. Por exemplo, se a placa tiver final 1, os contribuintes dever\u00e3o entregar os documentos necess\u00e1rios at\u00e9 o dia 31 de janeiro. Se for placa final 2, at\u00e9 o \u00faltima dia \u00fatil de fevereiro e, assim, por diante at\u00e9 a placa final 0, que ser\u00e1 no m\u00eas de outubro.<\/p>\n\n\n\n<p><strong>Pagamento do IPVA da placa final zero<\/strong><\/p>\n\n\n\n<p>Os contribuintes paraibanos com carros ou motos de placa final zero, que optaram pelo pagamento total sem desconto ou pelo parcelamento em tr\u00eas vezes do Imposto sobre a Propriedade de Ve\u00edculos Automotores (IPVA), precisam efetuar o pagamento do tributo tamb\u00e9m at\u00e9 dia 30 de dezembro para evitar acr\u00e9scimo de juros e multa.<\/p>\n\n\n\n<p><strong>Impress\u00e3o dos boletos via Portais<\/strong><\/p>\n\n\n\n<p>Os boletos do IPVA dever\u00e3o ser impressos por meio da internet. A emiss\u00e3o est\u00e1 disponibilizada no portal da SEFAZ-PB www.sefaz.pb.gov.br, mas tamb\u00e9m no do Detran-PB: http:\/\/www.detran.pb.gov.br\/. O boleto poder\u00e1 tamb\u00e9m ser impresso, preferencialmente, em uma reparti\u00e7\u00e3o fiscal ou ent\u00e3o nas unidades do Detran-PB.<\/p>\n","protected":false},"excerpt":{"rendered":"<p>O prazo para requerer a isen\u00e7\u00e3o do Imposto Sobre a Propriedade de Ve\u00edculos Automotores (IPVA) do exerc\u00edcio de 2020 termina nesta sexta-feira (27). Os cidad\u00e3os&hellip; <\/p>\n","protected":false},"author":1,"featured_media":9583,"comment_status":"closed","ping_status":"closed","sticky":false,"template":"","format":"standard","meta":{"sfsi_plus_gutenberg_text_before_share":"","sfsi_plus_gutenberg_show_text_before_share":"","sfsi_plus_gutenberg_icon_type":"","sfsi_plus_gutenberg_icon_alignemt":"","sfsi_plus_gutenburg_max_per_row":"","footnotes":""},"categories":[2],"tags":[],"class_list":["post-143230","post","type-post","status-publish","format-standard","has-post-thumbnail","hentry","category-geral"],"_links":{"self":[{"href":"https:\/\/www.caririemacao.com\/1\/wp-json\/wp\/v2\/posts\/143230","targetHints":{"allow":["GET"]}}],"collection":[{"href":"https:\/\/www.caririemacao.com\/1\/wp-json\/wp\/v2\/posts"}],"about":[{"href":"https:\/\/www.caririemacao.com\/1\/wp-json\/wp\/v2\/types\/post"}],"author":[{"embeddable":true,"href":"https:\/\/www.caririemacao.com\/1\/wp-json\/wp\/v2\/users\/1"}],"replies":[{"embeddable":true,"href":"https:\/\/www.caririemacao.com\/1\/wp-json\/wp\/v2\/comments?post=143230"}],"version-history":[{"count":1,"href":"https:\/\/www.caririemacao.com\/1\/wp-json\/wp\/v2\/posts\/143230\/revisions"}],"predecessor-version":[{"id":143231,"href":"https:\/\/www.caririemacao.com\/1\/wp-json\/wp\/v2\/posts\/143230\/revisions\/143231"}],"wp:featuredmedia":[{"embeddable":true,"href":"https:\/\/www.caririemacao.com\/1\/wp-json\/wp\/v2\/media\/9583"}],"wp:attachment":[{"href":"https:\/\/www.caririemacao.com\/1\/wp-json\/wp\/v2\/media?parent=143230"}],"wp:term":[{"taxonomy":"category","embeddable":true,"href":"https:\/\/www.caririemacao.com\/1\/wp-json\/wp\/v2\/categories?post=143230"},{"taxonomy":"post_tag","embeddable":true,"href":"https:\/\/www.caririemacao.com\/1\/wp-json\/wp\/v2\/tags?post=143230"}],"curies":[{"name":"wp","href":"https:\/\/api.w.org\/{rel}","templated":true}]}}