{"id":143234,"date":"2019-12-27T09:53:49","date_gmt":"2019-12-27T12:53:49","guid":{"rendered":"http:\/\/www.caririemacao.com\/1\/?p=143234"},"modified":"2019-12-27T09:53:49","modified_gmt":"2019-12-27T12:53:49","slug":"bolsonaro-veta-projeto-que-obrigava-sus-a-garantir-sangue-e-remedios-a-pacientes","status":"publish","type":"post","link":"https:\/\/www.caririemacao.com\/1\/2019\/12\/27\/bolsonaro-veta-projeto-que-obrigava-sus-a-garantir-sangue-e-remedios-a-pacientes\/","title":{"rendered":"Bolsonaro veta projeto que obrigava SUS a garantir sangue e rem\u00e9dios a pacientes"},"content":{"rendered":"\n<p>O presidente Jair Bolsonaro decidiu vetar integralmente um projeto de lei aprovado pelo Congresso que garantia a todos os pacientes do&nbsp;Sistema \u00danico de Sa\u00fade (SUS)&nbsp;a oferta de&nbsp;sangue, hemoderivados, medicamentos e demais recursos necess\u00e1rios para o diagn\u00f3stico, preven\u00e7\u00e3o e tratamento de doen\u00e7as.<\/p>\n\n\n\n<p>A proposta original do autor do projeto, o ex-governador Marconi Perillo (PSDB-GO), era garantir o tratamento de pacientes portadores de coagulopatias cong\u00eanitas (hemofilias), mas o texto sofreu altera\u00e7\u00f5es durante a tramita\u00e7\u00e3o no Senado, e a reda\u00e7\u00e3o aprovada acabou estendendo a garantia para todos os pacientes do SUS.<\/p>\n\n\n\n<p>Segundo a assessoria de imprensa da Presid\u00eancia da Rep\u00fablica,&nbsp;Bolsonaro&nbsp;decidiu barrar o projeto ap\u00f3s analisar manifesta\u00e7\u00f5es de \u201cordem t\u00e9cnica e jur\u00eddica\u201d. O texto traria altera\u00e7\u00f5es em lei que regulamenta a coleta, processamento e distribui\u00e7\u00e3o do sangue e derivados.<\/p>\n\n\n\n<p>De acordo com o governo, o projeto criava uma obriga\u00e7\u00e3o ao Executivo e gerava despesa obrigat\u00f3ria ao poder p\u00fablico, sem definir uma fonte de custeio espec\u00edfica para arcar com a implanta\u00e7\u00e3o da medida, nem informar o impacto financeiro dela, o que viola a Constitui\u00e7\u00e3o.<\/p>\n\n\n\n<p>O veto ser\u00e1 publicado na edi\u00e7\u00e3o do Di\u00e1rio Oficial da Uni\u00e3o desta sexta-feira, 27. O Congresso ainda pode derrubar a decis\u00e3o de Bolsonaro.<\/p>\n\n\n\n<p><strong><em>Msn<\/em><\/strong><\/p>\n","protected":false},"excerpt":{"rendered":"<p>O presidente Jair Bolsonaro decidiu vetar integralmente um projeto de lei aprovado pelo Congresso que garantia a todos os pacientes do&nbsp;Sistema \u00danico de Sa\u00fade (SUS)&nbsp;a&hellip; <\/p>\n","protected":false},"author":1,"featured_media":85688,"comment_status":"closed","ping_status":"closed","sticky":false,"template":"","format":"standard","meta":{"sfsi_plus_gutenberg_text_before_share":"","sfsi_plus_gutenberg_show_text_before_share":"","sfsi_plus_gutenberg_icon_type":"","sfsi_plus_gutenberg_icon_alignemt":"","sfsi_plus_gutenburg_max_per_row":"","footnotes":""},"categories":[11],"tags":[],"class_list":["post-143234","post","type-post","status-publish","format-standard","has-post-thumbnail","hentry","category-politica"],"_links":{"self":[{"href":"https:\/\/www.caririemacao.com\/1\/wp-json\/wp\/v2\/posts\/143234","targetHints":{"allow":["GET"]}}],"collection":[{"href":"https:\/\/www.caririemacao.com\/1\/wp-json\/wp\/v2\/posts"}],"about":[{"href":"https:\/\/www.caririemacao.com\/1\/wp-json\/wp\/v2\/types\/post"}],"author":[{"embeddable":true,"href":"https:\/\/www.caririemacao.com\/1\/wp-json\/wp\/v2\/users\/1"}],"replies":[{"embeddable":true,"href":"https:\/\/www.caririemacao.com\/1\/wp-json\/wp\/v2\/comments?post=143234"}],"version-history":[{"count":1,"href":"https:\/\/www.caririemacao.com\/1\/wp-json\/wp\/v2\/posts\/143234\/revisions"}],"predecessor-version":[{"id":143235,"href":"https:\/\/www.caririemacao.com\/1\/wp-json\/wp\/v2\/posts\/143234\/revisions\/143235"}],"wp:featuredmedia":[{"embeddable":true,"href":"https:\/\/www.caririemacao.com\/1\/wp-json\/wp\/v2\/media\/85688"}],"wp:attachment":[{"href":"https:\/\/www.caririemacao.com\/1\/wp-json\/wp\/v2\/media?parent=143234"}],"wp:term":[{"taxonomy":"category","embeddable":true,"href":"https:\/\/www.caririemacao.com\/1\/wp-json\/wp\/v2\/categories?post=143234"},{"taxonomy":"post_tag","embeddable":true,"href":"https:\/\/www.caririemacao.com\/1\/wp-json\/wp\/v2\/tags?post=143234"}],"curies":[{"name":"wp","href":"https:\/\/api.w.org\/{rel}","templated":true}]}}