{"id":143239,"date":"2019-12-27T11:03:40","date_gmt":"2019-12-27T14:03:40","guid":{"rendered":"http:\/\/www.caririemacao.com\/1\/?p=143239"},"modified":"2019-12-27T11:03:40","modified_gmt":"2019-12-27T14:03:40","slug":"desemprego-cai-para-112-em-novembro-com-recorde-de-autonomos","status":"publish","type":"post","link":"https:\/\/www.caririemacao.com\/1\/2019\/12\/27\/desemprego-cai-para-112-em-novembro-com-recorde-de-autonomos\/","title":{"rendered":"Desemprego cai para 11,2% em novembro, com recorde de aut\u00f4nomos"},"content":{"rendered":"\n<p>O desemprego segue recuando no pa\u00eds, ao mesmo tempo que o n\u00famero de trabalhadores por conta pr\u00f3pria atingiu novo recorde.<\/p>\n\n\n\n<p>Do trimestre encerrado em agosto para o trimestre setembro-outubro-novembro, a taxa de desemprego caiu de 11,8% para 11,2%. Ainda assim, 11,9 milh\u00f5es de pessoas continuam sem ocupa\u00e7\u00e3o.<\/p>\n\n\n\n<p>A estimativa dos analistas consultados pela ag\u00eancia Bloomberg era uma taxa de 11,4%. H\u00e1 um ano, a taxa era de 11,6%.&nbsp;<\/p>\n\n\n\n<p>Os n\u00fameros da Pnad (Pesquisa Nacional por Amostra de Domic\u00edlios Cont\u00ednua) foram divulgados nesta sexta-feira (27) pelo IBGE (Instituto Brasileiro de Geografia e Estat\u00edstica).<\/p>\n\n\n\n<p>J\u00e1 o n\u00famero de trabalhadores por conta pr\u00f3pria chegou a 24,6 milh\u00f5es e cresceu 1,2% frente ao trimestre anterior e 3,6% em rela\u00e7\u00e3o ao mesmo per\u00edodo de 2018. \u00c9 o maior n\u00famero desde janeiro de 2012, in\u00edcio da s\u00e9rie hist\u00f3rica.<\/p>\n\n\n\n<p>A popula\u00e7\u00e3o ocupada tamb\u00e9m bateu recorde, atingindo 94,4 milh\u00f5es. Houve um aumento de 0,8% em rela\u00e7\u00e3o ao trimestre anterior e 1,6% em rela\u00e7\u00e3o ao mesmo per\u00edodo de 2018.<\/p>\n","protected":false},"excerpt":{"rendered":"<p>O desemprego segue recuando no pa\u00eds, ao mesmo tempo que o n\u00famero de trabalhadores por conta pr\u00f3pria atingiu novo recorde. Do trimestre encerrado em agosto&hellip; <\/p>\n","protected":false},"author":1,"featured_media":10175,"comment_status":"closed","ping_status":"closed","sticky":false,"template":"","format":"standard","meta":{"sfsi_plus_gutenberg_text_before_share":"","sfsi_plus_gutenberg_show_text_before_share":"","sfsi_plus_gutenberg_icon_type":"","sfsi_plus_gutenberg_icon_alignemt":"","sfsi_plus_gutenburg_max_per_row":"","footnotes":""},"categories":[2],"tags":[],"class_list":["post-143239","post","type-post","status-publish","format-standard","has-post-thumbnail","hentry","category-geral"],"_links":{"self":[{"href":"https:\/\/www.caririemacao.com\/1\/wp-json\/wp\/v2\/posts\/143239","targetHints":{"allow":["GET"]}}],"collection":[{"href":"https:\/\/www.caririemacao.com\/1\/wp-json\/wp\/v2\/posts"}],"about":[{"href":"https:\/\/www.caririemacao.com\/1\/wp-json\/wp\/v2\/types\/post"}],"author":[{"embeddable":true,"href":"https:\/\/www.caririemacao.com\/1\/wp-json\/wp\/v2\/users\/1"}],"replies":[{"embeddable":true,"href":"https:\/\/www.caririemacao.com\/1\/wp-json\/wp\/v2\/comments?post=143239"}],"version-history":[{"count":1,"href":"https:\/\/www.caririemacao.com\/1\/wp-json\/wp\/v2\/posts\/143239\/revisions"}],"predecessor-version":[{"id":143241,"href":"https:\/\/www.caririemacao.com\/1\/wp-json\/wp\/v2\/posts\/143239\/revisions\/143241"}],"wp:featuredmedia":[{"embeddable":true,"href":"https:\/\/www.caririemacao.com\/1\/wp-json\/wp\/v2\/media\/10175"}],"wp:attachment":[{"href":"https:\/\/www.caririemacao.com\/1\/wp-json\/wp\/v2\/media?parent=143239"}],"wp:term":[{"taxonomy":"category","embeddable":true,"href":"https:\/\/www.caririemacao.com\/1\/wp-json\/wp\/v2\/categories?post=143239"},{"taxonomy":"post_tag","embeddable":true,"href":"https:\/\/www.caririemacao.com\/1\/wp-json\/wp\/v2\/tags?post=143239"}],"curies":[{"name":"wp","href":"https:\/\/api.w.org\/{rel}","templated":true}]}}