{"id":143244,"date":"2019-12-27T13:08:15","date_gmt":"2019-12-27T16:08:15","guid":{"rendered":"http:\/\/www.caririemacao.com\/1\/?p=143244"},"modified":"2019-12-27T13:08:15","modified_gmt":"2019-12-27T16:08:15","slug":"secretaria-de-educacao-de-amparo-realizara-as-formaturas-do-abc-e-9o-ano-nesse-final-de-semana","status":"publish","type":"post","link":"https:\/\/www.caririemacao.com\/1\/2019\/12\/27\/secretaria-de-educacao-de-amparo-realizara-as-formaturas-do-abc-e-9o-ano-nesse-final-de-semana\/","title":{"rendered":"Secretaria de Educa\u00e7\u00e3o de Amparo realizar\u00e1 as formaturas do ABC e 9\u00ba ano nesse final de semana"},"content":{"rendered":"\n<p>A Secretaria de Educa\u00e7\u00e3o de Amparo juntamente com a dire\u00e7\u00e3o das Escolas Juvenal Ferreira de Brito e Ildefonso Anselmo da Silva estar\u00e3o realizando nesse final de semana as formaturas das turmas Infantis do ABC e do Fundamental do 9\u00ba ano.<br>A Formatura das turmas do ABC acontecer\u00e1 na sexta-feira (27) na quadra do col\u00e9gio Ildefonso \u00e0s 18h00min. J\u00e1 a da turma do 9\u00ba ano acontecer\u00e1 no s\u00e1bado (28) no mesmo local tamb\u00e9m \u00e0s 18h00min.<br>Desde j\u00e1 a Secret\u00e1ria de Educa\u00e7\u00e3o Fabiana Feitosa convida toda a popula\u00e7\u00e3o Amparense para prestigiar esse momento t\u00e3o importante na vida de cada formando.<br>Amparo Ligado<\/p>\n","protected":false},"excerpt":{"rendered":"<p>A Secretaria de Educa\u00e7\u00e3o de Amparo juntamente com a dire\u00e7\u00e3o das Escolas Juvenal Ferreira de Brito e Ildefonso Anselmo da Silva estar\u00e3o realizando nesse final&hellip; <\/p>\n","protected":false},"author":1,"featured_media":143245,"comment_status":"closed","ping_status":"closed","sticky":false,"template":"","format":"standard","meta":{"sfsi_plus_gutenberg_text_before_share":"","sfsi_plus_gutenberg_show_text_before_share":"","sfsi_plus_gutenberg_icon_type":"","sfsi_plus_gutenberg_icon_alignemt":"","sfsi_plus_gutenburg_max_per_row":"","footnotes":""},"categories":[6],"tags":[],"class_list":["post-143244","post","type-post","status-publish","format-standard","has-post-thumbnail","hentry","category-cidades"],"_links":{"self":[{"href":"https:\/\/www.caririemacao.com\/1\/wp-json\/wp\/v2\/posts\/143244","targetHints":{"allow":["GET"]}}],"collection":[{"href":"https:\/\/www.caririemacao.com\/1\/wp-json\/wp\/v2\/posts"}],"about":[{"href":"https:\/\/www.caririemacao.com\/1\/wp-json\/wp\/v2\/types\/post"}],"author":[{"embeddable":true,"href":"https:\/\/www.caririemacao.com\/1\/wp-json\/wp\/v2\/users\/1"}],"replies":[{"embeddable":true,"href":"https:\/\/www.caririemacao.com\/1\/wp-json\/wp\/v2\/comments?post=143244"}],"version-history":[{"count":1,"href":"https:\/\/www.caririemacao.com\/1\/wp-json\/wp\/v2\/posts\/143244\/revisions"}],"predecessor-version":[{"id":143246,"href":"https:\/\/www.caririemacao.com\/1\/wp-json\/wp\/v2\/posts\/143244\/revisions\/143246"}],"wp:featuredmedia":[{"embeddable":true,"href":"https:\/\/www.caririemacao.com\/1\/wp-json\/wp\/v2\/media\/143245"}],"wp:attachment":[{"href":"https:\/\/www.caririemacao.com\/1\/wp-json\/wp\/v2\/media?parent=143244"}],"wp:term":[{"taxonomy":"category","embeddable":true,"href":"https:\/\/www.caririemacao.com\/1\/wp-json\/wp\/v2\/categories?post=143244"},{"taxonomy":"post_tag","embeddable":true,"href":"https:\/\/www.caririemacao.com\/1\/wp-json\/wp\/v2\/tags?post=143244"}],"curies":[{"name":"wp","href":"https:\/\/api.w.org\/{rel}","templated":true}]}}