{"id":143249,"date":"2019-12-27T13:10:18","date_gmt":"2019-12-27T16:10:18","guid":{"rendered":"http:\/\/www.caririemacao.com\/1\/?p=143249"},"modified":"2019-12-27T13:10:18","modified_gmt":"2019-12-27T16:10:18","slug":"hemocentro-da-paraiba-convoca-doadores-de-sangue-para-atender-demanda-no-feriadao","status":"publish","type":"post","link":"https:\/\/www.caririemacao.com\/1\/2019\/12\/27\/hemocentro-da-paraiba-convoca-doadores-de-sangue-para-atender-demanda-no-feriadao\/","title":{"rendered":"Hemocentro da Para\u00edba convoca doadores de sangue para atender demanda no feriad\u00e3o"},"content":{"rendered":"\n<p>O Hemocentro da Para\u00edba est\u00e1 convocando doadores de todos os tipos sangu\u00edneos para garantir o abastecimento das unidades de sa\u00fade e atender as demandas transfusionais.<\/p>\n\n\n\n<p>Uma queda do n\u00famero de doa\u00e7\u00f5es registrada nas \u00faltimas semanas acendeu o sinal de alerta no banco de sangue nesses dias que antecedem o ano novo.<\/p>\n\n\n\n<p>A diretora-geral do Hemocentro, Shirlene Gadelha, chama a aten\u00e7\u00e3o da popula\u00e7\u00e3o para que neste per\u00edodo de festas e feriados prolongados tamb\u00e9m priorizem a doa\u00e7\u00e3o de sangue e ajudem a elevar o n\u00edvel do estoque que est\u00e1 cr\u00edtico.<\/p>\n\n\n\n<p>\u201cA queda do n\u00famero de doa\u00e7\u00f5es tem sido percebida nos \u00faltimos dias. Isso nos preocupa porque estamos pr\u00f3ximo das festas de final de ano, quando frequentemente aumenta a demanda por transfus\u00e3o de sangue\u201d, frisou a diretora.<\/p>\n\n\n\n<p>De 16 a 21 deste m\u00eas, o Hemocentro registrou uma redu\u00e7\u00e3o de 16,9% do n\u00famero de doa\u00e7\u00f5es em rela\u00e7\u00e3o ao mesmo per\u00edodo do ano passado.<\/p>\n\n\n\n<p>\u201cNunca \u00e9 demais lembrar que doar sangue \u00e9 um gesto volunt\u00e1rio, de solidariedade e, ainda, uma atitude que salva de vidas. A doa\u00e7\u00e3o de sangue \u00e9 um ato extremamente seguro, n\u00e3o engorda e ainda \u00e9 considerado um ato nobre.<\/p>\n\n\n\n<p>O sangue humano \u00e9 insubstitu\u00edvel. Por essa raz\u00e3o, sempre que algu\u00e9m necessita de uma transfus\u00e3o sangu\u00ednea, s\u00f3 pode contar com a sensibilidade de algu\u00e9m que se disponha a fazer a doa\u00e7\u00e3o\u201d, ressaltou Shirlene Gadelha.<\/p>\n\n\n\n<p>Para doar sangue \u00e9 preciso ter entre 18 e 65 anos, pesar no m\u00ednimo 50 kg, apresentar documento de identidade original e com foto, estar alimentado e em boas condi\u00e7\u00f5es de sa\u00fade.<\/p>\n\n\n\n<p>HOR\u00c1RIO DE ATENDIMENTO \u2013 Neste s\u00e1bado o Hemocentro da Para\u00edba atender\u00e1 doadores das 7 \u00e0s 13h. Na segunda (30) e ter\u00e7a-feira (31), o atendimento ser\u00e1 das 7h \u00e0s 12h, voltando \u00e0 normalidade na quinta-feira, com atendimento das 7h \u00e0s 17h30.<\/p>\n","protected":false},"excerpt":{"rendered":"<p>O Hemocentro da Para\u00edba est\u00e1 convocando doadores de todos os tipos sangu\u00edneos para garantir o abastecimento das unidades de sa\u00fade e atender as demandas transfusionais.&hellip; <\/p>\n","protected":false},"author":1,"featured_media":81579,"comment_status":"closed","ping_status":"closed","sticky":false,"template":"","format":"standard","meta":{"sfsi_plus_gutenberg_text_before_share":"","sfsi_plus_gutenberg_show_text_before_share":"","sfsi_plus_gutenberg_icon_type":"","sfsi_plus_gutenberg_icon_alignemt":"","sfsi_plus_gutenburg_max_per_row":"","footnotes":""},"categories":[2],"tags":[],"class_list":["post-143249","post","type-post","status-publish","format-standard","has-post-thumbnail","hentry","category-geral"],"_links":{"self":[{"href":"https:\/\/www.caririemacao.com\/1\/wp-json\/wp\/v2\/posts\/143249","targetHints":{"allow":["GET"]}}],"collection":[{"href":"https:\/\/www.caririemacao.com\/1\/wp-json\/wp\/v2\/posts"}],"about":[{"href":"https:\/\/www.caririemacao.com\/1\/wp-json\/wp\/v2\/types\/post"}],"author":[{"embeddable":true,"href":"https:\/\/www.caririemacao.com\/1\/wp-json\/wp\/v2\/users\/1"}],"replies":[{"embeddable":true,"href":"https:\/\/www.caririemacao.com\/1\/wp-json\/wp\/v2\/comments?post=143249"}],"version-history":[{"count":1,"href":"https:\/\/www.caririemacao.com\/1\/wp-json\/wp\/v2\/posts\/143249\/revisions"}],"predecessor-version":[{"id":143250,"href":"https:\/\/www.caririemacao.com\/1\/wp-json\/wp\/v2\/posts\/143249\/revisions\/143250"}],"wp:featuredmedia":[{"embeddable":true,"href":"https:\/\/www.caririemacao.com\/1\/wp-json\/wp\/v2\/media\/81579"}],"wp:attachment":[{"href":"https:\/\/www.caririemacao.com\/1\/wp-json\/wp\/v2\/media?parent=143249"}],"wp:term":[{"taxonomy":"category","embeddable":true,"href":"https:\/\/www.caririemacao.com\/1\/wp-json\/wp\/v2\/categories?post=143249"},{"taxonomy":"post_tag","embeddable":true,"href":"https:\/\/www.caririemacao.com\/1\/wp-json\/wp\/v2\/tags?post=143249"}],"curies":[{"name":"wp","href":"https:\/\/api.w.org\/{rel}","templated":true}]}}