{"id":143258,"date":"2019-12-27T13:12:38","date_gmt":"2019-12-27T16:12:38","guid":{"rendered":"http:\/\/www.caririemacao.com\/1\/?p=143258"},"modified":"2019-12-27T13:12:38","modified_gmt":"2019-12-27T16:12:38","slug":"divulgado-resultado-final-da-selecao-para-189-vagas-em-creas-da-paraiba","status":"publish","type":"post","link":"https:\/\/www.caririemacao.com\/1\/2019\/12\/27\/divulgado-resultado-final-da-selecao-para-189-vagas-em-creas-da-paraiba\/","title":{"rendered":"Divulgado resultado final da sele\u00e7\u00e3o para 189 vagas em CREAS da Para\u00edba"},"content":{"rendered":"\n<p>Divulgado nesta&nbsp;sexta-feira (27), o resultado final da sele\u00e7\u00e3o para contrata\u00e7\u00e3o tempor\u00e1ria de coordenador dos Centros de Refer\u00eancia Especializados da Assist\u00eancia Social (CREAS) da Para\u00edba. O resultado foi publicado no Di\u00e1rio Oficial desta sexta, como tamb\u00e9m a convoca\u00e7\u00e3o para o Curso de Forma\u00e7\u00e3o e entrega de documentos dos 189 aprovados.<br><a href=\"https:\/\/www.clickpb.com.br\/media\/filer_public\/65\/b1\/65b10006-9f39-4feb-9df4-1ab6396e6b0e\/diario_oficial_27-12-2019_total.pdf\">Confira o edital<\/a><\/p>\n\n\n\n<p>De acordo com a publica\u00e7\u00e3o, o Curso de Forma\u00e7\u00e3o vai acontecer nos dias 29, 30 e 31 de janeiro de 2020, em local e hor\u00e1rio a ser divulgado.<\/p>\n\n\n\n<p>A entrega dos documentos dos aprovados deve ser feita na Secretaria de Desenvolvimento Humano (SEDH), localizada \u00e0 Avenida Epit\u00e1cio Pessoa, 2501, sala 202, Bairro dos Estados, em Jo\u00e3o Pessoa, entre os dias 6 e 31 de janeiro de 2020, no hor\u00e1rio de 8h \u00e0s 12h e de 14h \u00e0s 17h.<\/p>\n\n\n\n<p>O processo seletivo simplificado tem validade de 12 meses, a contar de janeiro de 2020, podendo ser prorrogado por igual per\u00edodo.<\/p>\n","protected":false},"excerpt":{"rendered":"<p>Divulgado nesta&nbsp;sexta-feira (27), o resultado final da sele\u00e7\u00e3o para contrata\u00e7\u00e3o tempor\u00e1ria de coordenador dos Centros de Refer\u00eancia Especializados da Assist\u00eancia Social (CREAS) da Para\u00edba. O&hellip; <\/p>\n","protected":false},"author":1,"featured_media":64760,"comment_status":"closed","ping_status":"closed","sticky":false,"template":"","format":"standard","meta":{"sfsi_plus_gutenberg_text_before_share":"","sfsi_plus_gutenberg_show_text_before_share":"","sfsi_plus_gutenberg_icon_type":"","sfsi_plus_gutenberg_icon_alignemt":"","sfsi_plus_gutenburg_max_per_row":"","footnotes":""},"categories":[2],"tags":[],"class_list":["post-143258","post","type-post","status-publish","format-standard","has-post-thumbnail","hentry","category-geral"],"_links":{"self":[{"href":"https:\/\/www.caririemacao.com\/1\/wp-json\/wp\/v2\/posts\/143258","targetHints":{"allow":["GET"]}}],"collection":[{"href":"https:\/\/www.caririemacao.com\/1\/wp-json\/wp\/v2\/posts"}],"about":[{"href":"https:\/\/www.caririemacao.com\/1\/wp-json\/wp\/v2\/types\/post"}],"author":[{"embeddable":true,"href":"https:\/\/www.caririemacao.com\/1\/wp-json\/wp\/v2\/users\/1"}],"replies":[{"embeddable":true,"href":"https:\/\/www.caririemacao.com\/1\/wp-json\/wp\/v2\/comments?post=143258"}],"version-history":[{"count":1,"href":"https:\/\/www.caririemacao.com\/1\/wp-json\/wp\/v2\/posts\/143258\/revisions"}],"predecessor-version":[{"id":143259,"href":"https:\/\/www.caririemacao.com\/1\/wp-json\/wp\/v2\/posts\/143258\/revisions\/143259"}],"wp:featuredmedia":[{"embeddable":true,"href":"https:\/\/www.caririemacao.com\/1\/wp-json\/wp\/v2\/media\/64760"}],"wp:attachment":[{"href":"https:\/\/www.caririemacao.com\/1\/wp-json\/wp\/v2\/media?parent=143258"}],"wp:term":[{"taxonomy":"category","embeddable":true,"href":"https:\/\/www.caririemacao.com\/1\/wp-json\/wp\/v2\/categories?post=143258"},{"taxonomy":"post_tag","embeddable":true,"href":"https:\/\/www.caririemacao.com\/1\/wp-json\/wp\/v2\/tags?post=143258"}],"curies":[{"name":"wp","href":"https:\/\/api.w.org\/{rel}","templated":true}]}}