{"id":143269,"date":"2019-12-27T13:19:45","date_gmt":"2019-12-27T16:19:45","guid":{"rendered":"http:\/\/www.caririemacao.com\/1\/?p=143269"},"modified":"2019-12-27T13:19:45","modified_gmt":"2019-12-27T16:19:45","slug":"governo-da-paraiba-decreta-ponto-facultativo-e-funcionarios-ganham-feriadao-de-cinco-dias-no-ano-novo-2","status":"publish","type":"post","link":"https:\/\/www.caririemacao.com\/1\/2019\/12\/27\/governo-da-paraiba-decreta-ponto-facultativo-e-funcionarios-ganham-feriadao-de-cinco-dias-no-ano-novo-2\/","title":{"rendered":"Governo da Para\u00edba decreta ponto facultativo e funcion\u00e1rios ganham feriad\u00e3o de cinco dias no Ano Novo"},"content":{"rendered":"\n<p>Por conta das festividades de Ano Novo, o expediente nas reparti\u00e7\u00f5es p\u00fablicas do Estado ser\u00e1 facultativo segunda (30) e ter\u00e7a-feira (31), em conformidade com a portaria n\u00ba 585 \/2019 da Secretaria de Estado da Administra\u00e7\u00e3o, publicada na edi\u00e7\u00e3o do Di\u00e1rio Oficial de 3 de dezembro, determinando, ainda, que os servi\u00e7os essenciais sejam preservados.&nbsp;<\/p>\n\n\n\n<figure class=\"wp-block-image\"><img decoding=\"async\" data-src=\"https:\/\/www.clickpb.com.br\/media\/filer_public\/54\/e2\/54e22881-984c-4484-8ead-365eac70a7a2\/ponto_facultativo.jpg\" alt=\"\" src=\"data:image\/svg+xml;base64,PHN2ZyB3aWR0aD0iMSIgaGVpZ2h0PSIxIiB4bWxucz0iaHR0cDovL3d3dy53My5vcmcvMjAwMC9zdmciPjwvc3ZnPg==\" class=\"lazyload\" \/><\/figure>\n\n\n\n<p>As reparti\u00e7\u00f5es estaduais fecham nesta sexta-feira (27) ap\u00f3s o expediente normal e retornam \u00e0s atividades na quinta-feira, dia 2 de janeiro.<br><\/p>\n\n\n\n<p>&nbsp;Fica ainda determinado que os ve\u00edculos oficiais, inclusive os de representa\u00e7\u00e3o da Administra\u00e7\u00e3o Direta e Indireta do Poder Executivo, sejam recolhidos \u00e0s suas reparti\u00e7\u00f5es de origem ou ao Centro Administrativo, ap\u00f3s o t\u00e9rmino do expediente desta sexta-feira (27), e liberados uma hora antes do expediente do dia 2 de janeiro de 2020.<\/p>\n\n\n\n<p>Qualquer libera\u00e7\u00e3o excepcional destes ve\u00edculos deve ser precedida de autoriza\u00e7\u00e3o da Casa Militar do Governador, excetuando-se ambul\u00e2ncias, ve\u00edculos de fiscaliza\u00e7\u00e3o da Secretaria de Estado da Fazenda, da Secretaria de Estado da Administra\u00e7\u00e3o Penitenci\u00e1ria, da Secretaria de Estado da Seguran\u00e7a e Defesa Social, das Pol\u00edcias Civil e Militar e da Casa Militar ou que estejam a servi\u00e7o desta.<\/p>\n\n\n\n<p>A Pol\u00edcia Militar do Estado fica encarregada da apreens\u00e3o e recolhimento a Casa Militar do Governador, dos ve\u00edculos encontrados transitando no per\u00edodo compreendido sem a devida autoriza\u00e7\u00e3o.<\/p>\n","protected":false},"excerpt":{"rendered":"<p>Por conta das festividades de Ano Novo, o expediente nas reparti\u00e7\u00f5es p\u00fablicas do Estado ser\u00e1 facultativo segunda (30) e ter\u00e7a-feira (31), em conformidade com a&hellip; <\/p>\n","protected":false},"author":1,"featured_media":13820,"comment_status":"closed","ping_status":"closed","sticky":false,"template":"","format":"standard","meta":{"sfsi_plus_gutenberg_text_before_share":"","sfsi_plus_gutenberg_show_text_before_share":"","sfsi_plus_gutenberg_icon_type":"","sfsi_plus_gutenberg_icon_alignemt":"","sfsi_plus_gutenburg_max_per_row":"","footnotes":""},"categories":[2],"tags":[],"class_list":["post-143269","post","type-post","status-publish","format-standard","has-post-thumbnail","hentry","category-geral"],"_links":{"self":[{"href":"https:\/\/www.caririemacao.com\/1\/wp-json\/wp\/v2\/posts\/143269","targetHints":{"allow":["GET"]}}],"collection":[{"href":"https:\/\/www.caririemacao.com\/1\/wp-json\/wp\/v2\/posts"}],"about":[{"href":"https:\/\/www.caririemacao.com\/1\/wp-json\/wp\/v2\/types\/post"}],"author":[{"embeddable":true,"href":"https:\/\/www.caririemacao.com\/1\/wp-json\/wp\/v2\/users\/1"}],"replies":[{"embeddable":true,"href":"https:\/\/www.caririemacao.com\/1\/wp-json\/wp\/v2\/comments?post=143269"}],"version-history":[{"count":1,"href":"https:\/\/www.caririemacao.com\/1\/wp-json\/wp\/v2\/posts\/143269\/revisions"}],"predecessor-version":[{"id":143270,"href":"https:\/\/www.caririemacao.com\/1\/wp-json\/wp\/v2\/posts\/143269\/revisions\/143270"}],"wp:featuredmedia":[{"embeddable":true,"href":"https:\/\/www.caririemacao.com\/1\/wp-json\/wp\/v2\/media\/13820"}],"wp:attachment":[{"href":"https:\/\/www.caririemacao.com\/1\/wp-json\/wp\/v2\/media?parent=143269"}],"wp:term":[{"taxonomy":"category","embeddable":true,"href":"https:\/\/www.caririemacao.com\/1\/wp-json\/wp\/v2\/categories?post=143269"},{"taxonomy":"post_tag","embeddable":true,"href":"https:\/\/www.caririemacao.com\/1\/wp-json\/wp\/v2\/tags?post=143269"}],"curies":[{"name":"wp","href":"https:\/\/api.w.org\/{rel}","templated":true}]}}