{"id":143277,"date":"2019-12-27T14:51:18","date_gmt":"2019-12-27T17:51:18","guid":{"rendered":"http:\/\/www.caririemacao.com\/1\/?p=143277"},"modified":"2019-12-27T14:51:18","modified_gmt":"2019-12-27T17:51:18","slug":"demissao-em-massa-na-tv-escola-deve-desligar-mais-de-70-pessoas","status":"publish","type":"post","link":"https:\/\/www.caririemacao.com\/1\/2019\/12\/27\/demissao-em-massa-na-tv-escola-deve-desligar-mais-de-70-pessoas\/","title":{"rendered":"Demiss\u00e3o em massa na TV Escola deve desligar mais de 70 pessoas"},"content":{"rendered":"\n<p>Nesta sexta-feira (27), nada menos do que 70 demiss\u00f5es devem ser anunciadas na emissora, que \u00e9 p\u00fablica e mantida em parceria com o Minist\u00e9rio da Educa\u00e7\u00e3o (MEC).&nbsp;A previs\u00e3o \u00e9 que sejam cortados 100 dos 367 funcion\u00e1rios &#8211; a informa\u00e7\u00e3o \u00e9 do jornalista Bernardo Mello Franco, em seu&nbsp;<a href=\"https:\/\/blogs.oglobo.globo.com\/bernardo-mello-franco\/post\/funcionarios-da-tv-escola-recebem-aviso-de-demissao.html\">blog<\/a>.<br><\/p>\n\n\n\n<p>De acordo com informa\u00e7\u00f5es divulgadas nesta manh\u00e3 pelo colunista Ricardo Feltrin, do portal UOL, os desligamentos ser\u00e3o apenas os primeiros e far\u00e3o parte de uma demiss\u00e3o em massa que est\u00e1 apavorando a equipe do canal educativo.<\/p>\n\n\n\n<p>Segundo a publica\u00e7\u00e3o, a decis\u00e3o foi pelo fim da parceria entre o MEC e a TV Escola. O minist\u00e9rio \u00e9, atualmente, comandado pelo controverso Abraham Weintraub. Chama a aten\u00e7\u00e3o, no entanto, que no m\u00eas passado os conselheiros aprovaram a renova\u00e7\u00e3o do contrato por mais um ano.<\/p>\n\n\n\n<p>Na semana passada, o presidente Bolsonaro disse que a TV n\u00e3o educa e que o conte\u00fado era de esquerda. Foi nesse epis\u00f3dio que ele chamou o educador Paulo Freire de &#8216;energumeno&#8217;.&nbsp;<\/p>\n\n\n\n<p>A TV Escola \u00e9 um canal de televis\u00e3o brasileiro fundado no dia 4 de mar\u00e7o de 1996. Pertence ao Minist\u00e9rio da Educa\u00e7\u00e3o e \u00e9 operado pela Acerp atrav\u00e9s de contrato de presta\u00e7\u00e3o de servi\u00e7o. \u00c9 transmitido em algumas localidades do Brasil pelas TVs abertas e em todo o pa\u00eds pelas antenas parab\u00f3licas digitais e TVs por assinatura. O canal serve para promover a capacita\u00e7\u00e3o e a atualiza\u00e7\u00e3o permanente dos professores do Brasil.<br><\/p>\n\n\n\n<p>Todo o conte\u00fado do canal \u00e9 educativo e feito para diversas faixas et\u00e1rias. Al\u00e9m de crian\u00e7as, jovens e adultos, a emissora produz conte\u00fado formativo para educadores e professores.<\/p>\n","protected":false},"excerpt":{"rendered":"<p>Nesta sexta-feira (27), nada menos do que 70 demiss\u00f5es devem ser anunciadas na emissora, que \u00e9 p\u00fablica e mantida em parceria com o Minist\u00e9rio da&hellip; <\/p>\n","protected":false},"author":1,"featured_media":143279,"comment_status":"closed","ping_status":"closed","sticky":false,"template":"","format":"standard","meta":{"sfsi_plus_gutenberg_text_before_share":"","sfsi_plus_gutenberg_show_text_before_share":"","sfsi_plus_gutenberg_icon_type":"","sfsi_plus_gutenberg_icon_alignemt":"","sfsi_plus_gutenburg_max_per_row":"","footnotes":""},"categories":[2],"tags":[],"class_list":["post-143277","post","type-post","status-publish","format-standard","has-post-thumbnail","hentry","category-geral"],"_links":{"self":[{"href":"https:\/\/www.caririemacao.com\/1\/wp-json\/wp\/v2\/posts\/143277","targetHints":{"allow":["GET"]}}],"collection":[{"href":"https:\/\/www.caririemacao.com\/1\/wp-json\/wp\/v2\/posts"}],"about":[{"href":"https:\/\/www.caririemacao.com\/1\/wp-json\/wp\/v2\/types\/post"}],"author":[{"embeddable":true,"href":"https:\/\/www.caririemacao.com\/1\/wp-json\/wp\/v2\/users\/1"}],"replies":[{"embeddable":true,"href":"https:\/\/www.caririemacao.com\/1\/wp-json\/wp\/v2\/comments?post=143277"}],"version-history":[{"count":1,"href":"https:\/\/www.caririemacao.com\/1\/wp-json\/wp\/v2\/posts\/143277\/revisions"}],"predecessor-version":[{"id":143280,"href":"https:\/\/www.caririemacao.com\/1\/wp-json\/wp\/v2\/posts\/143277\/revisions\/143280"}],"wp:featuredmedia":[{"embeddable":true,"href":"https:\/\/www.caririemacao.com\/1\/wp-json\/wp\/v2\/media\/143279"}],"wp:attachment":[{"href":"https:\/\/www.caririemacao.com\/1\/wp-json\/wp\/v2\/media?parent=143277"}],"wp:term":[{"taxonomy":"category","embeddable":true,"href":"https:\/\/www.caririemacao.com\/1\/wp-json\/wp\/v2\/categories?post=143277"},{"taxonomy":"post_tag","embeddable":true,"href":"https:\/\/www.caririemacao.com\/1\/wp-json\/wp\/v2\/tags?post=143277"}],"curies":[{"name":"wp","href":"https:\/\/api.w.org\/{rel}","templated":true}]}}