{"id":143283,"date":"2019-12-27T14:53:27","date_gmt":"2019-12-27T17:53:27","guid":{"rendered":"http:\/\/www.caririemacao.com\/1\/?p=143283"},"modified":"2019-12-27T14:53:27","modified_gmt":"2019-12-27T17:53:27","slug":"lula-morrera-em-2020-diz-vidente-que-acertou-reeleicao-do-ex-presidente","status":"publish","type":"post","link":"https:\/\/www.caririemacao.com\/1\/2019\/12\/27\/lula-morrera-em-2020-diz-vidente-que-acertou-reeleicao-do-ex-presidente\/","title":{"rendered":"Lula morrer\u00e1 em 2020, diz vidente que acertou reelei\u00e7\u00e3o do ex-presidente"},"content":{"rendered":"\n<p>O ex-presidente Luiz In\u00e1cio Lula da Silva ser\u00e1 v\u00edtima de problemas respirat\u00f3rios e morrer\u00e1 em 2020, segundo o vidente Jos\u00e9 Acleildo, que previu a reelei\u00e7\u00e3o do petista em 2006 e errou ao dizer que Dilma seria eleita no primeiro turno em 2014.<\/p>\n\n\n\n<p>Pernambucano radicado em Bras\u00edlia, Jos\u00e9 Acleildo fez previs\u00f5es para a pol\u00edtica brasileira e do Distrito Federal em 2020 a pedido do Correio. Segundo ele, diversos nomes importantes do cen\u00e1rio nacional, al\u00e9m de Lula, podem morrer no pr\u00f3ximo ano.<\/p>\n\n\n\n<p>\u201cEm 2020, v\u00e3o haver muitas mortes de pol\u00edticos antigos, que \u00e9 o caso do ex-presidente Lula, que vai morrer por problemas respirat\u00f3rios\u201d, previu.<\/p>\n\n\n\n<p>Problemas judiciais no DF<br>Al\u00e9m da morte de Lula, o vidente tamb\u00e9m alerta para a possibilidades de problemas judiciais. No DF, uma figura importante do Executivo local pode se envolver em problemas judiciais. \u201cOs quatro ventos do Minist\u00e9rio P\u00fablico estar\u00e3o voltados contra ele\u201d, disse o vidente.<\/p>\n\n\n\n<p>As previs\u00f5es completas feitas pelo vidente e outros futur\u00f3logos devem ser publicadas no caderno de Cidades da edi\u00e7\u00e3o impressa do Correio de 31 de dezembro.<\/p>\n\n\n\n<p><strong>Quem \u00e9 Jos\u00e9 Acleildo<\/strong><br><\/p>\n\n\n\n<p>Mat\u00e9ria do Correio de 2009 conta que, em 1983, Jos\u00e9 Acleildo mudou-se para Bras\u00edlia. Sem expectativas, mas com a certeza de estar cumprindo uma miss\u00e3o espiritual. \u201cSentia a cidade como o ber\u00e7o do amanh\u00e3, a cidade dos m\u00e9diuns, o grande centro respons\u00e1vel pelo sossego do mundo\u201d, contou.<\/p>\n\n\n\n<p>Na d\u00e9cada de 1990, ele submeteu-se a estudos de universidades norte-americanas que comprovaram faculdades paranormais. Acleildo contou que, logo que chegou, percebeu um aumento da sensibilidade. Por tr\u00eas anos, conciliou o trabalho de atendimento espiritual com o funcionalismo p\u00fablico.<\/p>\n\n\n\n<p>O reconhecimento como conselheiro surgiu depois de atender algumas pessoas da sociedade. A fama se espalhou e, pouco depois, ele j\u00e1 atendia pol\u00edticos de alto escal\u00e3o, artistas, m\u00e9dicos e desembargadores.<\/p>\n\n\n\n<p><\/p>\n\n\n\n<p>Correio Brasiliense <\/p>\n","protected":false},"excerpt":{"rendered":"<p>O ex-presidente Luiz In\u00e1cio Lula da Silva ser\u00e1 v\u00edtima de problemas respirat\u00f3rios e morrer\u00e1 em 2020, segundo o vidente Jos\u00e9 Acleildo, que previu a reelei\u00e7\u00e3o&hellip; <\/p>\n","protected":false},"author":1,"featured_media":130396,"comment_status":"closed","ping_status":"closed","sticky":false,"template":"","format":"standard","meta":{"sfsi_plus_gutenberg_text_before_share":"","sfsi_plus_gutenberg_show_text_before_share":"","sfsi_plus_gutenberg_icon_type":"","sfsi_plus_gutenberg_icon_alignemt":"","sfsi_plus_gutenburg_max_per_row":"","footnotes":""},"categories":[11],"tags":[],"class_list":["post-143283","post","type-post","status-publish","format-standard","has-post-thumbnail","hentry","category-politica"],"_links":{"self":[{"href":"https:\/\/www.caririemacao.com\/1\/wp-json\/wp\/v2\/posts\/143283","targetHints":{"allow":["GET"]}}],"collection":[{"href":"https:\/\/www.caririemacao.com\/1\/wp-json\/wp\/v2\/posts"}],"about":[{"href":"https:\/\/www.caririemacao.com\/1\/wp-json\/wp\/v2\/types\/post"}],"author":[{"embeddable":true,"href":"https:\/\/www.caririemacao.com\/1\/wp-json\/wp\/v2\/users\/1"}],"replies":[{"embeddable":true,"href":"https:\/\/www.caririemacao.com\/1\/wp-json\/wp\/v2\/comments?post=143283"}],"version-history":[{"count":1,"href":"https:\/\/www.caririemacao.com\/1\/wp-json\/wp\/v2\/posts\/143283\/revisions"}],"predecessor-version":[{"id":143284,"href":"https:\/\/www.caririemacao.com\/1\/wp-json\/wp\/v2\/posts\/143283\/revisions\/143284"}],"wp:featuredmedia":[{"embeddable":true,"href":"https:\/\/www.caririemacao.com\/1\/wp-json\/wp\/v2\/media\/130396"}],"wp:attachment":[{"href":"https:\/\/www.caririemacao.com\/1\/wp-json\/wp\/v2\/media?parent=143283"}],"wp:term":[{"taxonomy":"category","embeddable":true,"href":"https:\/\/www.caririemacao.com\/1\/wp-json\/wp\/v2\/categories?post=143283"},{"taxonomy":"post_tag","embeddable":true,"href":"https:\/\/www.caririemacao.com\/1\/wp-json\/wp\/v2\/tags?post=143283"}],"curies":[{"name":"wp","href":"https:\/\/api.w.org\/{rel}","templated":true}]}}