{"id":143287,"date":"2019-12-27T14:55:29","date_gmt":"2019-12-27T17:55:29","guid":{"rendered":"http:\/\/www.caririemacao.com\/1\/?p=143287"},"modified":"2019-12-27T14:55:29","modified_gmt":"2019-12-27T17:55:29","slug":"estado-islamico-divulga-video-decapitando-onze-refens-cristaos-um-dia-apos-o-natal","status":"publish","type":"post","link":"https:\/\/www.caririemacao.com\/1\/2019\/12\/27\/estado-islamico-divulga-video-decapitando-onze-refens-cristaos-um-dia-apos-o-natal\/","title":{"rendered":"Estado Isl\u00e2mico divulga v\u00eddeo decapitando onze ref\u00e9ns crist\u00e3os um dia ap\u00f3s o Natal"},"content":{"rendered":"\n<p>O grupo extremista Prov\u00edncia do Estado Isl\u00e2mico na \u00c1frica Ocidental (ISWAP) divulgou na \u00faltima quinta-feira um v\u00eddeo que mostra 11 ref\u00e9ns crist\u00e3os sendo decapitados por terroristas.<\/p>\n\n\n\n<p>As mortes ocorreram depois que os ref\u00e9ns pediram, em um v\u00eddeo anterior, que a Associa\u00e7\u00e3o Crist\u00e3 da Nig\u00e9ria (CAN) negociasse sua liberta\u00e7\u00e3o. Segundo a m\u00eddia local, o ISWAP ainda poupou a vida dos dois mu\u00e7ulmanos.<\/p>\n\n\n\n<p>O EI disse que a a\u00e7\u00e3o faz parte de sua campanha, lan\u00e7ada no dia 22 de dezembro, para &#8220;vingar&#8221; as mortes de seu l\u00edder Abu Bakr al-Baghdadi e seu porta-voz, na S\u00edria, em outubro deste ano. Desde ent\u00e3o, o grupo vem reivindicando uma enxurrada de ataques em v\u00e1rios pa\u00edses.<\/p>\n\n\n\n<p>N\u00e3o foram dados detalhes sobre as v\u00edtimas, que eram todos homens, mas o EI alega que elas foram &#8220;capturadas nas \u00faltimas semanas&#8221; no nordeste do estado de Borno, na Nig\u00e9ria, onde militantes lutam h\u00e1 anos para estabelecer um estado isl\u00e2mico separado.<\/p>\n\n\n\n<p>O v\u00eddeo tem dura\u00e7\u00e3o de 56 segundos e mostra homens de uniforme bege e m\u00e1scaras pretas alinhados atr\u00e1s de ref\u00e9ns de olhos vendados, depois atirando em um e decapitando o resto.<\/p>\n\n\n\n<p>O grupo militante postou as imagens em seu canal de not\u00edcias online do Telegram na quinta-feira (26), um dia ap\u00f3s o Natal, com legendas em \u00e1rabe, mas sem \u00e1udio.<\/p>\n\n\n\n<p>Analistas dizem que o material foi claramente lan\u00e7ado para coincidir com as celebra\u00e7\u00f5es do Natal.<\/p>\n\n\n\n<p>O secret\u00e1rio-geral das Na\u00e7\u00f5es Unidas, Antonio Guterres, ofereceu suas condol\u00eancias atrav\u00e9s de um comunicado emitido pelo seu porta-voz Stephane Dujarric: &#8220;O secret\u00e1rio-geral est\u00e1 profundamente preocupado com relatos de que civis foram executados e outros sequestrados por grupos armados no norte do estado de Borno, no nordeste da Nig\u00e9ria. Ele expressou suas mais profundas condol\u00eancias \u00e0s fam\u00edlias das v\u00edtimas e reitera a solidariedade das Na\u00e7\u00f5es Unidas com o povo e o governo da Nig\u00e9ria.&#8221;<\/p>\n\n\n\n<p>As filmagens foram feitas em uma \u00e1rea externa n\u00e3o identificada. O governo da Nig\u00e9ria n\u00e3o comentou o v\u00eddeo.<\/p>\n\n\n\n<p>O ISWAP se separou do grupo militante Boko Haram em 2016 e se tornou o grupo jihadista dominante da regi\u00e3o.<\/p>\n\n\n\n<p><\/p>\n\n\n\n<p>O Globo <\/p>\n","protected":false},"excerpt":{"rendered":"<p>O grupo extremista Prov\u00edncia do Estado Isl\u00e2mico na \u00c1frica Ocidental (ISWAP) divulgou na \u00faltima quinta-feira um v\u00eddeo que mostra 11 ref\u00e9ns crist\u00e3os sendo decapitados por&hellip; <\/p>\n","protected":false},"author":1,"featured_media":143288,"comment_status":"closed","ping_status":"closed","sticky":false,"template":"","format":"standard","meta":{"sfsi_plus_gutenberg_text_before_share":"","sfsi_plus_gutenberg_show_text_before_share":"","sfsi_plus_gutenberg_icon_type":"","sfsi_plus_gutenberg_icon_alignemt":"","sfsi_plus_gutenburg_max_per_row":"","footnotes":""},"categories":[2],"tags":[],"class_list":["post-143287","post","type-post","status-publish","format-standard","has-post-thumbnail","hentry","category-geral"],"_links":{"self":[{"href":"https:\/\/www.caririemacao.com\/1\/wp-json\/wp\/v2\/posts\/143287","targetHints":{"allow":["GET"]}}],"collection":[{"href":"https:\/\/www.caririemacao.com\/1\/wp-json\/wp\/v2\/posts"}],"about":[{"href":"https:\/\/www.caririemacao.com\/1\/wp-json\/wp\/v2\/types\/post"}],"author":[{"embeddable":true,"href":"https:\/\/www.caririemacao.com\/1\/wp-json\/wp\/v2\/users\/1"}],"replies":[{"embeddable":true,"href":"https:\/\/www.caririemacao.com\/1\/wp-json\/wp\/v2\/comments?post=143287"}],"version-history":[{"count":1,"href":"https:\/\/www.caririemacao.com\/1\/wp-json\/wp\/v2\/posts\/143287\/revisions"}],"predecessor-version":[{"id":143289,"href":"https:\/\/www.caririemacao.com\/1\/wp-json\/wp\/v2\/posts\/143287\/revisions\/143289"}],"wp:featuredmedia":[{"embeddable":true,"href":"https:\/\/www.caririemacao.com\/1\/wp-json\/wp\/v2\/media\/143288"}],"wp:attachment":[{"href":"https:\/\/www.caririemacao.com\/1\/wp-json\/wp\/v2\/media?parent=143287"}],"wp:term":[{"taxonomy":"category","embeddable":true,"href":"https:\/\/www.caririemacao.com\/1\/wp-json\/wp\/v2\/categories?post=143287"},{"taxonomy":"post_tag","embeddable":true,"href":"https:\/\/www.caririemacao.com\/1\/wp-json\/wp\/v2\/tags?post=143287"}],"curies":[{"name":"wp","href":"https:\/\/api.w.org\/{rel}","templated":true}]}}