{"id":143292,"date":"2019-12-27T14:56:52","date_gmt":"2019-12-27T17:56:52","guid":{"rendered":"http:\/\/www.caririemacao.com\/1\/?p=143292"},"modified":"2019-12-27T14:56:52","modified_gmt":"2019-12-27T17:56:52","slug":"ministra-quer-acabar-com-visita-intima-em-presidios","status":"publish","type":"post","link":"https:\/\/www.caririemacao.com\/1\/2019\/12\/27\/ministra-quer-acabar-com-visita-intima-em-presidios\/","title":{"rendered":"Ministra quer acabar com visita \u00edntima em pres\u00eddios"},"content":{"rendered":"\n<p>A ministra da Mulher, da Fam\u00edlia e dos Direitos Humanos, Damares Alves, afirmou em entrevista ao Estado de S\u00e3o Paulo que vai acabar com a possibilidade de visita \u00edntima em pres\u00eddios.<\/p>\n\n\n\n<p>&#8220;Por exemplo, uma coisa que vou rever: n\u00e3o aceito visita \u00edntima para meninos. Qual a idade da namorada que vai l\u00e1 transar com ele? Vou enfrentar isso. Mam\u00e3e Damares vai mandar bola, livro, arroz e feij\u00e3o. Camisinha e lubrificante, n\u00e3o&#8221;, disse a ministra.<\/p>\n\n\n\n<p>Ela afirma que a meta dos pr\u00f3ximos tr\u00eas anos \u00e9 reformular o processo de ressocializa\u00e7\u00e3o dos jovens infratores no Pa\u00eds.<\/p>\n\n\n\n<p>Em 2012, uma lei sancionada pela ex-presidente Dilma Rousseff garantiu o direito \u00e0 visita \u00edntima para jovens infratores casados ou que vivam, comprovadamente, em uni\u00e3o est\u00e1vel.<\/p>\n","protected":false},"excerpt":{"rendered":"<p>A ministra da Mulher, da Fam\u00edlia e dos Direitos Humanos, Damares Alves, afirmou em entrevista ao Estado de S\u00e3o Paulo que vai acabar com a&hellip; <\/p>\n","protected":false},"author":1,"featured_media":136793,"comment_status":"closed","ping_status":"closed","sticky":false,"template":"","format":"standard","meta":{"sfsi_plus_gutenberg_text_before_share":"","sfsi_plus_gutenberg_show_text_before_share":"","sfsi_plus_gutenberg_icon_type":"","sfsi_plus_gutenberg_icon_alignemt":"","sfsi_plus_gutenburg_max_per_row":"","footnotes":""},"categories":[2],"tags":[],"class_list":["post-143292","post","type-post","status-publish","format-standard","has-post-thumbnail","hentry","category-geral"],"_links":{"self":[{"href":"https:\/\/www.caririemacao.com\/1\/wp-json\/wp\/v2\/posts\/143292","targetHints":{"allow":["GET"]}}],"collection":[{"href":"https:\/\/www.caririemacao.com\/1\/wp-json\/wp\/v2\/posts"}],"about":[{"href":"https:\/\/www.caririemacao.com\/1\/wp-json\/wp\/v2\/types\/post"}],"author":[{"embeddable":true,"href":"https:\/\/www.caririemacao.com\/1\/wp-json\/wp\/v2\/users\/1"}],"replies":[{"embeddable":true,"href":"https:\/\/www.caririemacao.com\/1\/wp-json\/wp\/v2\/comments?post=143292"}],"version-history":[{"count":1,"href":"https:\/\/www.caririemacao.com\/1\/wp-json\/wp\/v2\/posts\/143292\/revisions"}],"predecessor-version":[{"id":143293,"href":"https:\/\/www.caririemacao.com\/1\/wp-json\/wp\/v2\/posts\/143292\/revisions\/143293"}],"wp:featuredmedia":[{"embeddable":true,"href":"https:\/\/www.caririemacao.com\/1\/wp-json\/wp\/v2\/media\/136793"}],"wp:attachment":[{"href":"https:\/\/www.caririemacao.com\/1\/wp-json\/wp\/v2\/media?parent=143292"}],"wp:term":[{"taxonomy":"category","embeddable":true,"href":"https:\/\/www.caririemacao.com\/1\/wp-json\/wp\/v2\/categories?post=143292"},{"taxonomy":"post_tag","embeddable":true,"href":"https:\/\/www.caririemacao.com\/1\/wp-json\/wp\/v2\/tags?post=143292"}],"curies":[{"name":"wp","href":"https:\/\/api.w.org\/{rel}","templated":true}]}}