{"id":143304,"date":"2019-12-28T06:20:16","date_gmt":"2019-12-28T09:20:16","guid":{"rendered":"http:\/\/www.caririemacao.com\/1\/?p=143304"},"modified":"2019-12-28T06:20:16","modified_gmt":"2019-12-28T09:20:16","slug":"apagao-campina-grande-e-outras-cidades-ficam-sem-energia","status":"publish","type":"post","link":"https:\/\/www.caririemacao.com\/1\/2019\/12\/28\/apagao-campina-grande-e-outras-cidades-ficam-sem-energia\/","title":{"rendered":"Apag\u00e3o: Campina Grande e outras cidades ficam sem energia"},"content":{"rendered":"\n<p>Um apag\u00e3o deixou Campina Grande e v\u00e1rias cidades da regi\u00e3o sem energia na noite desta sexta-feira (27). A interrup\u00e7\u00e3o aconteceu por volta das 23h em toda cidade.<\/p>\n\n\n\n<p>O restabelecimento do fornecimento de energia est\u00e1 acontecendo aos poucos, mas alguns bairros inda est\u00e3o no escuro.<\/p>\n\n\n\n<p>Ainda n\u00e3o se sabe o que ocasionou o problema, em quantas cidades foram atingidas.<\/p>\n","protected":false},"excerpt":{"rendered":"<p>Um apag\u00e3o deixou Campina Grande e v\u00e1rias cidades da regi\u00e3o sem energia na noite desta sexta-feira (27). A interrup\u00e7\u00e3o aconteceu por volta das 23h em&hellip; <\/p>\n","protected":false},"author":1,"featured_media":143305,"comment_status":"closed","ping_status":"closed","sticky":false,"template":"","format":"standard","meta":{"sfsi_plus_gutenberg_text_before_share":"","sfsi_plus_gutenberg_show_text_before_share":"","sfsi_plus_gutenberg_icon_type":"","sfsi_plus_gutenberg_icon_alignemt":"","sfsi_plus_gutenburg_max_per_row":"","footnotes":""},"categories":[6],"tags":[],"class_list":["post-143304","post","type-post","status-publish","format-standard","has-post-thumbnail","hentry","category-cidades"],"_links":{"self":[{"href":"https:\/\/www.caririemacao.com\/1\/wp-json\/wp\/v2\/posts\/143304","targetHints":{"allow":["GET"]}}],"collection":[{"href":"https:\/\/www.caririemacao.com\/1\/wp-json\/wp\/v2\/posts"}],"about":[{"href":"https:\/\/www.caririemacao.com\/1\/wp-json\/wp\/v2\/types\/post"}],"author":[{"embeddable":true,"href":"https:\/\/www.caririemacao.com\/1\/wp-json\/wp\/v2\/users\/1"}],"replies":[{"embeddable":true,"href":"https:\/\/www.caririemacao.com\/1\/wp-json\/wp\/v2\/comments?post=143304"}],"version-history":[{"count":1,"href":"https:\/\/www.caririemacao.com\/1\/wp-json\/wp\/v2\/posts\/143304\/revisions"}],"predecessor-version":[{"id":143306,"href":"https:\/\/www.caririemacao.com\/1\/wp-json\/wp\/v2\/posts\/143304\/revisions\/143306"}],"wp:featuredmedia":[{"embeddable":true,"href":"https:\/\/www.caririemacao.com\/1\/wp-json\/wp\/v2\/media\/143305"}],"wp:attachment":[{"href":"https:\/\/www.caririemacao.com\/1\/wp-json\/wp\/v2\/media?parent=143304"}],"wp:term":[{"taxonomy":"category","embeddable":true,"href":"https:\/\/www.caririemacao.com\/1\/wp-json\/wp\/v2\/categories?post=143304"},{"taxonomy":"post_tag","embeddable":true,"href":"https:\/\/www.caririemacao.com\/1\/wp-json\/wp\/v2\/tags?post=143304"}],"curies":[{"name":"wp","href":"https:\/\/api.w.org\/{rel}","templated":true}]}}