{"id":143308,"date":"2019-12-28T06:26:51","date_gmt":"2019-12-28T09:26:51","guid":{"rendered":"http:\/\/www.caririemacao.com\/1\/?p=143308"},"modified":"2019-12-28T06:26:51","modified_gmt":"2019-12-28T09:26:51","slug":"vereadores-de-monteiro-prestigiam-entrega-de-100-oculos-a-estudantes-da-rede-municipal","status":"publish","type":"post","link":"https:\/\/www.caririemacao.com\/1\/2019\/12\/28\/vereadores-de-monteiro-prestigiam-entrega-de-100-oculos-a-estudantes-da-rede-municipal\/","title":{"rendered":"Vereadores de Monteiro prestigiam entrega de 100 \u00f3culos a estudantes da rede municipal"},"content":{"rendered":"\n<p> Os vereadores da base governista em Monteiro, mais uma vez demonstraram a preocupa\u00e7\u00e3o em acompanhar e incentivar as a\u00e7\u00f5es administrativas positivas e marcaram presen\u00e7a na 1\u00aa etapa da entrega dos \u00f3vulos do programa OLHAR MONTEIRO<br>O projeto criado pela gest\u00e3o municipal realizou exames de vista em alunos da rede municipal e detectou mais de 600 casos de necessidade do uso de \u00f3culos, que foram adquiridos pela gest\u00e3o municipal.<br>Destes, os primeiros 100 \u00f3culos foram entregues na manh\u00e3 desta sexta, 27, em evento no Clube Municipal.\u00a0<br>Estiveram presentes os vereadores; Jacira Oliveira, Raul Formiga, Sim\u00e3o Leal, Bero de Bertino, H\u00e9lio Sandro, Farias, o l\u00edder do governo na C\u00e2mara Bi\u00e3o, e o Presidente da Casa legislativa, Caj\u00f3 Menezes.<br><\/p>\n\n\n\n<figure class=\"wp-block-image\"><a href=\"https:\/\/scontent.fcpv1-1.fna.fbcdn.net\/v\/t1.15752-9\/80245274_816342185494940_7852994890647470080_n.jpg?_nc_cat=105&amp;_nc_ohc=3VtiPmkygOkAQl0v-fn6_4IDWea3qIMgSZt-WUdv035_Pv5IbJDO8GOkw&amp;_nc_ht=scontent.fcpv1-1.fna&amp;oh=72c54c763ec4f5437cc0abc92132d0ad&amp;oe=5E6E7A88\"><img decoding=\"async\" data-src=\"https:\/\/scontent.fcpv1-1.fna.fbcdn.net\/v\/t1.15752-9\/80245274_816342185494940_7852994890647470080_n.jpg?_nc_cat=105&amp;_nc_ohc=3VtiPmkygOkAQl0v-fn6_4IDWea3qIMgSZt-WUdv035_Pv5IbJDO8GOkw&amp;_nc_ht=scontent.fcpv1-1.fna&amp;oh=72c54c763ec4f5437cc0abc92132d0ad&amp;oe=5E6E7A88\" alt=\"\" src=\"data:image\/svg+xml;base64,PHN2ZyB3aWR0aD0iMSIgaGVpZ2h0PSIxIiB4bWxucz0iaHR0cDovL3d3dy53My5vcmcvMjAwMC9zdmciPjwvc3ZnPg==\" class=\"lazyload\" \/><\/a><\/figure>\n\n\n\n<p>Em nome dos demais vereadores, o presidente Caj\u00f3 Menezes parabenizou a prefeita Lorena pela organiza\u00e7\u00e3o do projeto, que foi pensado nos m\u00ednimos detalhes, inclusive dando o direito \u00e0s crian\u00e7as e adolescentes de escolherem a arma\u00e7\u00e3o de cada um de seus \u00f3culos.&nbsp;<br>\u201cOs m\u00ednimos detalhes foram pensados pela gestora, inclusive dando esta possibilidade de as crian\u00e7as poderem escolher pessoalmente suas pr\u00f3prias arma\u00e7\u00f5es, j\u00e1 que os \u00f3culos al\u00e9m de auxiliar na corre\u00e7\u00e3o dos problemas de vis\u00e3o, tamb\u00e9m \u00e9 um acess\u00f3rio do dia-a-dia, e as crian\u00e7as puderam escolher os modelos que mais lhe agradaram\u201d, refor\u00e7ou o vereador Caj\u00f3.<\/p>\n","protected":false},"excerpt":{"rendered":"<p>Os vereadores da base governista em Monteiro, mais uma vez demonstraram a preocupa\u00e7\u00e3o em acompanhar e incentivar as a\u00e7\u00f5es administrativas positivas e marcaram presen\u00e7a na&hellip; <\/p>\n","protected":false},"author":1,"featured_media":143310,"comment_status":"closed","ping_status":"closed","sticky":false,"template":"","format":"standard","meta":{"sfsi_plus_gutenberg_text_before_share":"","sfsi_plus_gutenberg_show_text_before_share":"","sfsi_plus_gutenberg_icon_type":"","sfsi_plus_gutenberg_icon_alignemt":"","sfsi_plus_gutenburg_max_per_row":"","footnotes":""},"categories":[50,2],"tags":[],"class_list":["post-143308","post","type-post","status-publish","format-standard","has-post-thumbnail","hentry","category-destaque","category-geral"],"_links":{"self":[{"href":"https:\/\/www.caririemacao.com\/1\/wp-json\/wp\/v2\/posts\/143308","targetHints":{"allow":["GET"]}}],"collection":[{"href":"https:\/\/www.caririemacao.com\/1\/wp-json\/wp\/v2\/posts"}],"about":[{"href":"https:\/\/www.caririemacao.com\/1\/wp-json\/wp\/v2\/types\/post"}],"author":[{"embeddable":true,"href":"https:\/\/www.caririemacao.com\/1\/wp-json\/wp\/v2\/users\/1"}],"replies":[{"embeddable":true,"href":"https:\/\/www.caririemacao.com\/1\/wp-json\/wp\/v2\/comments?post=143308"}],"version-history":[{"count":1,"href":"https:\/\/www.caririemacao.com\/1\/wp-json\/wp\/v2\/posts\/143308\/revisions"}],"predecessor-version":[{"id":143311,"href":"https:\/\/www.caririemacao.com\/1\/wp-json\/wp\/v2\/posts\/143308\/revisions\/143311"}],"wp:featuredmedia":[{"embeddable":true,"href":"https:\/\/www.caririemacao.com\/1\/wp-json\/wp\/v2\/media\/143310"}],"wp:attachment":[{"href":"https:\/\/www.caririemacao.com\/1\/wp-json\/wp\/v2\/media?parent=143308"}],"wp:term":[{"taxonomy":"category","embeddable":true,"href":"https:\/\/www.caririemacao.com\/1\/wp-json\/wp\/v2\/categories?post=143308"},{"taxonomy":"post_tag","embeddable":true,"href":"https:\/\/www.caririemacao.com\/1\/wp-json\/wp\/v2\/tags?post=143308"}],"curies":[{"name":"wp","href":"https:\/\/api.w.org\/{rel}","templated":true}]}}