{"id":143314,"date":"2019-12-28T06:28:42","date_gmt":"2019-12-28T09:28:42","guid":{"rendered":"http:\/\/www.caririemacao.com\/1\/?p=143314"},"modified":"2019-12-28T06:28:42","modified_gmt":"2019-12-28T09:28:42","slug":"ifpb-nomeia-87-aprovados-em-concurso-publico-para-professor","status":"publish","type":"post","link":"https:\/\/www.caririemacao.com\/1\/2019\/12\/28\/ifpb-nomeia-87-aprovados-em-concurso-publico-para-professor\/","title":{"rendered":"IFPB nomeia 87 aprovados em concurso p\u00fablico para professor"},"content":{"rendered":"\n<p> O resultado final do concurso p\u00fablico do Instituto Federal da Para\u00edba (IFPB) para o cargo de professor do ensino b\u00e1sico, t\u00e9cnico e tecnol\u00f3gico (EBTT) foi homologado nessa quinta-feira (26), em publica\u00e7\u00e3o no Di\u00e1rio Oficial da Uni\u00e3o.<br>Os primeiros convocados entre os aprovados no concurso para professor (Edital 148) j\u00e1 foram nomeados atrav\u00e9s da Portaria n\u00ba 2.796, tamb\u00e9m publicada no DOU. A nomea\u00e7\u00e3o contempla 87 pessoas. Confira a lista.<br>Os candidatos nomeados ter\u00e3o o prazo de 30 dias para tomar posse, mas dever\u00e3o, antes disso, informar as suas op\u00e7\u00f5es de lota\u00e7\u00e3o. Os convocados receberam, atrav\u00e9s do endere\u00e7o de e-mail informado no ato da inscri\u00e7\u00e3o no concurso, as instru\u00e7\u00f5es para a entrega da documenta\u00e7\u00e3o, para a posse coletiva, a forma como proceder em rela\u00e7\u00e3o \u00e0 escolha da unidade em que ser\u00e3o lotados, bem como sobre a ambienta\u00e7\u00e3o ao servi\u00e7o p\u00fablico. A lista de documentos e exames necess\u00e1rios para a posse pode ser acessada no Portal do Servidor.<br>O concurso para o cargo de professor do IFPB foi um dos mais concorridos na Para\u00edba, tendo registrado mais de 23 mil inscri\u00e7\u00f5es para 90 vagas ofertadas. As provas escritas foram aplicadas no dia 9 de junho. Os candidatos se submeteram tamb\u00e9m a provas de desempenho e de t\u00edtulos e ao procedimento de heteroidentifica\u00e7\u00e3o.<br>Veja neste\u00a0<a rel=\"noreferrer noopener\" href=\"http:\/\/www.idecan.org.br\/getConc.aspx?key=pR114MAISYRFS0=\" target=\"_blank\">LINK<\/a>\u00a0os resultados finais para ampla concorr\u00eancia, PCD e negros, e a ordem de classifica\u00e7\u00e3o do concurso para professor.<br>Os sal\u00e1rios iniciais correspondem ao vencimento, que observar\u00e1 a titula\u00e7\u00e3o apresentada pelo candidato no momento de sua nomea\u00e7\u00e3o (gradua\u00e7\u00e3o R$ 4.463,93; aperfei\u00e7oamento R$ 4.892,44; especializa\u00e7\u00e3o R$ 5.288,05; mestrado R$ 6.668,20; doutorado R$ 9.600,92), acrescido de benef\u00edcios como aux\u00edlio-alimenta\u00e7\u00e3o, aux\u00edlio pr\u00e9-escola, aux\u00edlio transporte e adicional de insalubridade ou periculosidade.<\/p>\n","protected":false},"excerpt":{"rendered":"<p>O resultado final do concurso p\u00fablico do Instituto Federal da Para\u00edba (IFPB) para o cargo de professor do ensino b\u00e1sico, t\u00e9cnico e tecnol\u00f3gico (EBTT) foi&hellip; <\/p>\n","protected":false},"author":1,"featured_media":119265,"comment_status":"closed","ping_status":"closed","sticky":false,"template":"","format":"standard","meta":{"sfsi_plus_gutenberg_text_before_share":"","sfsi_plus_gutenberg_show_text_before_share":"","sfsi_plus_gutenberg_icon_type":"","sfsi_plus_gutenberg_icon_alignemt":"","sfsi_plus_gutenburg_max_per_row":"","footnotes":""},"categories":[14],"tags":[],"class_list":["post-143314","post","type-post","status-publish","format-standard","has-post-thumbnail","hentry","category-educacao"],"_links":{"self":[{"href":"https:\/\/www.caririemacao.com\/1\/wp-json\/wp\/v2\/posts\/143314","targetHints":{"allow":["GET"]}}],"collection":[{"href":"https:\/\/www.caririemacao.com\/1\/wp-json\/wp\/v2\/posts"}],"about":[{"href":"https:\/\/www.caririemacao.com\/1\/wp-json\/wp\/v2\/types\/post"}],"author":[{"embeddable":true,"href":"https:\/\/www.caririemacao.com\/1\/wp-json\/wp\/v2\/users\/1"}],"replies":[{"embeddable":true,"href":"https:\/\/www.caririemacao.com\/1\/wp-json\/wp\/v2\/comments?post=143314"}],"version-history":[{"count":1,"href":"https:\/\/www.caririemacao.com\/1\/wp-json\/wp\/v2\/posts\/143314\/revisions"}],"predecessor-version":[{"id":143315,"href":"https:\/\/www.caririemacao.com\/1\/wp-json\/wp\/v2\/posts\/143314\/revisions\/143315"}],"wp:featuredmedia":[{"embeddable":true,"href":"https:\/\/www.caririemacao.com\/1\/wp-json\/wp\/v2\/media\/119265"}],"wp:attachment":[{"href":"https:\/\/www.caririemacao.com\/1\/wp-json\/wp\/v2\/media?parent=143314"}],"wp:term":[{"taxonomy":"category","embeddable":true,"href":"https:\/\/www.caririemacao.com\/1\/wp-json\/wp\/v2\/categories?post=143314"},{"taxonomy":"post_tag","embeddable":true,"href":"https:\/\/www.caririemacao.com\/1\/wp-json\/wp\/v2\/tags?post=143314"}],"curies":[{"name":"wp","href":"https:\/\/api.w.org\/{rel}","templated":true}]}}