{"id":143319,"date":"2019-12-28T06:30:16","date_gmt":"2019-12-28T09:30:16","guid":{"rendered":"http:\/\/www.caririemacao.com\/1\/?p=143319"},"modified":"2019-12-28T06:30:16","modified_gmt":"2019-12-28T09:30:16","slug":"governo-de-camalau-realiza-festa-de-natal-para-criancas-do-distrito-do-pindurao","status":"publish","type":"post","link":"https:\/\/www.caririemacao.com\/1\/2019\/12\/28\/governo-de-camalau-realiza-festa-de-natal-para-criancas-do-distrito-do-pindurao\/","title":{"rendered":"Governo de Camala\u00fa realiza festa de Natal para crian\u00e7as do Distrito do Pindur\u00e3o"},"content":{"rendered":"\n<figure class=\"wp-block-image\"><img decoding=\"async\" data-src=\"https:\/\/scontent.fcpv1-1.fna.fbcdn.net\/v\/t1.0-9\/80591965_1843984249065270_1025320525913653248_n.jpg?_nc_cat=109&amp;_nc_ohc=I-IaVmw3yw8AQlAADZY6OAXXfgiFrCMYZujaweGHD6l_KshXB63efyZlQ&amp;_nc_ht=scontent.fcpv1-1.fna&amp;oh=655b2bf95a97d888a6416b089c3b68a1&amp;oe=5EA1D88E\" alt=\"A imagem pode conter: 3 pessoas, pessoas sorrindo, multid\u00e3o e atividades ao ar livre\" src=\"data:image\/svg+xml;base64,PHN2ZyB3aWR0aD0iMSIgaGVpZ2h0PSIxIiB4bWxucz0iaHR0cDovL3d3dy53My5vcmcvMjAwMC9zdmciPjwvc3ZnPg==\" class=\"lazyload\" \/><\/figure>\n\n\n\n<p> Como \u00e9 de costume desde que o prefeito Sandro M\u00f4co assumiu o governo municipal, o Distrito do Pindur\u00e3o mais uma vez foi inclu\u00eddo nas comemora\u00e7\u00f5es do calend\u00e1rio anual.<br>Desta vez, as crian\u00e7as do Distrito tamb\u00e9m foram beneficiadas com a tradicional distribui\u00e7\u00e3o de presentes em comemora\u00e7\u00e3o ao Natal.<br>O Prefeito Sandro M\u00f4co junto com toda sua equipe administrativa esteve naquela comunidade nesta quinta feira, 26, e presenteou a todos com um dia de alegria, principalmente as crian\u00e7as das fam\u00edlias mais carentes, que muitas vezes n\u00e3o tem condi\u00e7\u00f5es de comprar os seus brinquedos.<br>O Distrito do Pindur\u00e3o recebe o nosso carinho e a nossa aten\u00e7\u00e3o o ano inteiro. E no Natal, \u00e9 claro que n\u00e3o seria diferente. Parabenizo a todas as crian\u00e7as desta comunidade e desejo um Natal de muita paz, muita luz, e um ano novo de muitas conquistas e felicidade\u201d, disse o prefeito Sandro M\u00f4co.<br><strong>F\u00c1BIO BRITO<\/strong><\/p>\n","protected":false},"excerpt":{"rendered":"<p>Como \u00e9 de costume desde que o prefeito Sandro M\u00f4co assumiu o governo municipal, o Distrito do Pindur\u00e3o mais uma vez foi inclu\u00eddo nas comemora\u00e7\u00f5es&hellip; <\/p>\n","protected":false},"author":1,"featured_media":143320,"comment_status":"closed","ping_status":"closed","sticky":false,"template":"","format":"standard","meta":{"sfsi_plus_gutenberg_text_before_share":"","sfsi_plus_gutenberg_show_text_before_share":"","sfsi_plus_gutenberg_icon_type":"","sfsi_plus_gutenberg_icon_alignemt":"","sfsi_plus_gutenburg_max_per_row":"","footnotes":""},"categories":[50,2],"tags":[],"class_list":["post-143319","post","type-post","status-publish","format-standard","has-post-thumbnail","hentry","category-destaque","category-geral"],"_links":{"self":[{"href":"https:\/\/www.caririemacao.com\/1\/wp-json\/wp\/v2\/posts\/143319","targetHints":{"allow":["GET"]}}],"collection":[{"href":"https:\/\/www.caririemacao.com\/1\/wp-json\/wp\/v2\/posts"}],"about":[{"href":"https:\/\/www.caririemacao.com\/1\/wp-json\/wp\/v2\/types\/post"}],"author":[{"embeddable":true,"href":"https:\/\/www.caririemacao.com\/1\/wp-json\/wp\/v2\/users\/1"}],"replies":[{"embeddable":true,"href":"https:\/\/www.caririemacao.com\/1\/wp-json\/wp\/v2\/comments?post=143319"}],"version-history":[{"count":1,"href":"https:\/\/www.caririemacao.com\/1\/wp-json\/wp\/v2\/posts\/143319\/revisions"}],"predecessor-version":[{"id":143321,"href":"https:\/\/www.caririemacao.com\/1\/wp-json\/wp\/v2\/posts\/143319\/revisions\/143321"}],"wp:featuredmedia":[{"embeddable":true,"href":"https:\/\/www.caririemacao.com\/1\/wp-json\/wp\/v2\/media\/143320"}],"wp:attachment":[{"href":"https:\/\/www.caririemacao.com\/1\/wp-json\/wp\/v2\/media?parent=143319"}],"wp:term":[{"taxonomy":"category","embeddable":true,"href":"https:\/\/www.caririemacao.com\/1\/wp-json\/wp\/v2\/categories?post=143319"},{"taxonomy":"post_tag","embeddable":true,"href":"https:\/\/www.caririemacao.com\/1\/wp-json\/wp\/v2\/tags?post=143319"}],"curies":[{"name":"wp","href":"https:\/\/api.w.org\/{rel}","templated":true}]}}