{"id":143322,"date":"2019-12-28T06:33:18","date_gmt":"2019-12-28T09:33:18","guid":{"rendered":"http:\/\/www.caririemacao.com\/1\/?p=143322"},"modified":"2019-12-28T06:33:18","modified_gmt":"2019-12-28T09:33:18","slug":"prefeitura-de-monteiro-tera-ponto-facultativo-nos-dias-30-e-31-de-dezembro","status":"publish","type":"post","link":"https:\/\/www.caririemacao.com\/1\/2019\/12\/28\/prefeitura-de-monteiro-tera-ponto-facultativo-nos-dias-30-e-31-de-dezembro\/","title":{"rendered":"Prefeitura de Monteiro ter\u00e1 ponto facultativo nos dias 30 e 31 de dezembro"},"content":{"rendered":"\n<p> A Prefeitura Municipal de Monteiro ter\u00e1 ponto facultativo nesta segunda e ter\u00e7a-feira, dias 30 e 31 de dezembro. A determina\u00e7\u00e3o consta no Decreto N. 1.130 assinado pela prefeita Anna Lorena. No dia 1\u00ba de janeiro de 2020, tamb\u00e9m n\u00e3o haver\u00e1 expediente.<\/p>\n\n\n\n<p>A portaria tamb\u00e9m determina que n\u00e3o haver\u00e3o preju\u00edzos para os servi\u00e7os p\u00fablicos relacionados ao funcionamento de determinados setores da infraestrutura e sa\u00fade, que prestem servi\u00e7os essenciais \u00e0 popula\u00e7\u00e3o.<\/p>\n\n\n\n<p>\u201cOferecemos esta folga ao funcionalismo para que possam aproveitar com suas fam\u00edlias as festividades do final de ano, tendo em vista que esta \u00e9 uma \u00e9poca que muitas pessoas recebem familiares que residem em outras cidades ou at\u00e9 mesmo viajam. Enfim, nossa cidade ficar\u00e1 coberta em rela\u00e7\u00e3o aos servi\u00e7os essenciais e os demais com a liberdade para aproveitar bem estes dias\u201d, afirma a prefeita Anna Lorena.<\/p>\n","protected":false},"excerpt":{"rendered":"<p>A Prefeitura Municipal de Monteiro ter\u00e1 ponto facultativo nesta segunda e ter\u00e7a-feira, dias 30 e 31 de dezembro. A determina\u00e7\u00e3o consta no Decreto N. 1.130&hellip; <\/p>\n","protected":false},"author":1,"featured_media":143323,"comment_status":"closed","ping_status":"closed","sticky":false,"template":"","format":"standard","meta":{"sfsi_plus_gutenberg_text_before_share":"","sfsi_plus_gutenberg_show_text_before_share":"","sfsi_plus_gutenberg_icon_type":"","sfsi_plus_gutenberg_icon_alignemt":"","sfsi_plus_gutenburg_max_per_row":"","footnotes":""},"categories":[2],"tags":[],"class_list":["post-143322","post","type-post","status-publish","format-standard","has-post-thumbnail","hentry","category-geral"],"_links":{"self":[{"href":"https:\/\/www.caririemacao.com\/1\/wp-json\/wp\/v2\/posts\/143322","targetHints":{"allow":["GET"]}}],"collection":[{"href":"https:\/\/www.caririemacao.com\/1\/wp-json\/wp\/v2\/posts"}],"about":[{"href":"https:\/\/www.caririemacao.com\/1\/wp-json\/wp\/v2\/types\/post"}],"author":[{"embeddable":true,"href":"https:\/\/www.caririemacao.com\/1\/wp-json\/wp\/v2\/users\/1"}],"replies":[{"embeddable":true,"href":"https:\/\/www.caririemacao.com\/1\/wp-json\/wp\/v2\/comments?post=143322"}],"version-history":[{"count":1,"href":"https:\/\/www.caririemacao.com\/1\/wp-json\/wp\/v2\/posts\/143322\/revisions"}],"predecessor-version":[{"id":143324,"href":"https:\/\/www.caririemacao.com\/1\/wp-json\/wp\/v2\/posts\/143322\/revisions\/143324"}],"wp:featuredmedia":[{"embeddable":true,"href":"https:\/\/www.caririemacao.com\/1\/wp-json\/wp\/v2\/media\/143323"}],"wp:attachment":[{"href":"https:\/\/www.caririemacao.com\/1\/wp-json\/wp\/v2\/media?parent=143322"}],"wp:term":[{"taxonomy":"category","embeddable":true,"href":"https:\/\/www.caririemacao.com\/1\/wp-json\/wp\/v2\/categories?post=143322"},{"taxonomy":"post_tag","embeddable":true,"href":"https:\/\/www.caririemacao.com\/1\/wp-json\/wp\/v2\/tags?post=143322"}],"curies":[{"name":"wp","href":"https:\/\/api.w.org\/{rel}","templated":true}]}}