{"id":143325,"date":"2019-12-28T06:35:42","date_gmt":"2019-12-28T09:35:42","guid":{"rendered":"http:\/\/www.caririemacao.com\/1\/?p=143325"},"modified":"2019-12-28T06:35:42","modified_gmt":"2019-12-28T09:35:42","slug":"o-boticario-anuncia-vagas-de-emprego-em-13-cidades-da-paraiba-duas-sao-para-o-cariri","status":"publish","type":"post","link":"https:\/\/www.caririemacao.com\/1\/2019\/12\/28\/o-boticario-anuncia-vagas-de-emprego-em-13-cidades-da-paraiba-duas-sao-para-o-cariri\/","title":{"rendered":"O Botic\u00e1rio anuncia vagas de emprego em 13 cidades da Para\u00edba; duas s\u00e3o para o Cariri"},"content":{"rendered":"\n<p>A maior rede franqueada de cosm\u00e9ticos do pa\u00eds, O Botic\u00e1rio, acaba de anunciar vagas de emprego em 13 cidades do interior da Para\u00edba \u2013 Alagoa Grande, Alagoa Nova, Alagoinha, Ara\u00e7agi, Araruna, Areia,&nbsp;<strong>Barra de Santana<\/strong>, Bel\u00e9m,&nbsp;<strong>Boa Vista<\/strong>, Dona In\u00eas, Gado Bravo, Lagoa de Dentro e Pocinhos. As vagas dispon\u00edveis s\u00e3o para supervisor de campo.<\/p>\n\n\n\n<p>Para a oportunidade, os candidatos podem ser homens ou mulheres acima de 18 anos que sejam proativos, comunicativos e tenham flexibilidade, disposi\u00e7\u00e3o, dinamismo e simpatia. Entre as atividades, os selecionados dever\u00e3o acompanhar e desenvolver os revendedores, potencializar o resultado das carteiras, manter e aumentar a base de revendedores ativos, prospectar novos revendedores, fazer visitas em resid\u00eancias para efetuar cadastros, al\u00e9m disso, \u00e9 necess\u00e1rio ter experi\u00eancia com gest\u00e3o de pessoas, equipe, metas e indicadores.<\/p>\n\n\n\n<p>O hor\u00e1rio de trabalho ser\u00e1 de segunda a sexta, das 8h \u00e0s 18h, e aos s\u00e1bados, das 8h \u00e0s 12h. Os profissionais contratados receber\u00e3o sal\u00e1rio fixo, premia\u00e7\u00e3o vari\u00e1vel de acordo com atingimento de metas e ajuda de custo. Os curr\u00edculos j\u00e1 est\u00e3o sendo selecionados e podem ser enviados para oboticario.ampt@gmail.com .<\/p>\n\n\n\n<p>Sobre O Botic\u00e1rio \u2013 O Botic\u00e1rio \u00e9 uma empresa brasileira de cosm\u00e9ticos, unidade de neg\u00f3cios do Grupo Botic\u00e1rio. Inaugurada em 1977, em Curitiba (Paran\u00e1), a marca tem a maior rede franqueada de cosm\u00e9ticos do pa\u00eds com mais de 3.700 pontos de venda, em 1.750 cidades brasileiras, e mais de 900 franqueados. Presente em 15 pa\u00edses, h\u00e1 mais de 40 anos desenvolve produtos com tecnologia, qualidade e sofistica\u00e7\u00e3o \u2013 seu portf\u00f3lio tem mais de 850 itens de perfumaria, maquiagem e cuidados pessoais. Comprometido com a beleza das pessoas e do planeta, O Botic\u00e1rio n\u00e3o realiza testes em animais e investe na melhoria cont\u00ednua de produtos e processos para torn\u00e1-los cada vez mais sustent\u00e1veis. O programa de log\u00edstica reversa da marca, o Boti Recicla, \u00e9 um dos maiores do pa\u00eds em pontos de coleta \u2013 em todas as lojas os consumidores podem devolver as embalagens vazias, que s\u00e3o encaminhadas para a reciclagem correta. Outro exemplo de cuidado em toda a cadeia \u00e9 a f\u00e1brica de cosm\u00e9ticos de Cama\u00e7ari (BA), a primeira do segmento a receber o certificado LEED de constru\u00e7\u00e3o sustent\u00e1vel no Brasil.<\/p>\n","protected":false},"excerpt":{"rendered":"<p>A maior rede franqueada de cosm\u00e9ticos do pa\u00eds, O Botic\u00e1rio, acaba de anunciar vagas de emprego em 13 cidades do interior da Para\u00edba \u2013 Alagoa&hellip; <\/p>\n","protected":false},"author":1,"featured_media":105957,"comment_status":"closed","ping_status":"closed","sticky":false,"template":"","format":"standard","meta":{"sfsi_plus_gutenberg_text_before_share":"","sfsi_plus_gutenberg_show_text_before_share":"","sfsi_plus_gutenberg_icon_type":"","sfsi_plus_gutenberg_icon_alignemt":"","sfsi_plus_gutenburg_max_per_row":"","footnotes":""},"categories":[2],"tags":[],"class_list":["post-143325","post","type-post","status-publish","format-standard","has-post-thumbnail","hentry","category-geral"],"_links":{"self":[{"href":"https:\/\/www.caririemacao.com\/1\/wp-json\/wp\/v2\/posts\/143325","targetHints":{"allow":["GET"]}}],"collection":[{"href":"https:\/\/www.caririemacao.com\/1\/wp-json\/wp\/v2\/posts"}],"about":[{"href":"https:\/\/www.caririemacao.com\/1\/wp-json\/wp\/v2\/types\/post"}],"author":[{"embeddable":true,"href":"https:\/\/www.caririemacao.com\/1\/wp-json\/wp\/v2\/users\/1"}],"replies":[{"embeddable":true,"href":"https:\/\/www.caririemacao.com\/1\/wp-json\/wp\/v2\/comments?post=143325"}],"version-history":[{"count":1,"href":"https:\/\/www.caririemacao.com\/1\/wp-json\/wp\/v2\/posts\/143325\/revisions"}],"predecessor-version":[{"id":143326,"href":"https:\/\/www.caririemacao.com\/1\/wp-json\/wp\/v2\/posts\/143325\/revisions\/143326"}],"wp:featuredmedia":[{"embeddable":true,"href":"https:\/\/www.caririemacao.com\/1\/wp-json\/wp\/v2\/media\/105957"}],"wp:attachment":[{"href":"https:\/\/www.caririemacao.com\/1\/wp-json\/wp\/v2\/media?parent=143325"}],"wp:term":[{"taxonomy":"category","embeddable":true,"href":"https:\/\/www.caririemacao.com\/1\/wp-json\/wp\/v2\/categories?post=143325"},{"taxonomy":"post_tag","embeddable":true,"href":"https:\/\/www.caririemacao.com\/1\/wp-json\/wp\/v2\/tags?post=143325"}],"curies":[{"name":"wp","href":"https:\/\/api.w.org\/{rel}","templated":true}]}}