{"id":143329,"date":"2019-12-28T06:38:14","date_gmt":"2019-12-28T09:38:14","guid":{"rendered":"http:\/\/www.caririemacao.com\/1\/?p=143329"},"modified":"2019-12-28T06:38:14","modified_gmt":"2019-12-28T09:38:14","slug":"dolar-cai-a-r-405-e-fecha-no-menor-valor-em-mais-de-50-dias","status":"publish","type":"post","link":"https:\/\/www.caririemacao.com\/1\/2019\/12\/28\/dolar-cai-a-r-405-e-fecha-no-menor-valor-em-mais-de-50-dias\/","title":{"rendered":"D\u00f3lar cai a R$ 4,05 e fecha no menor valor em mais de 50 dias"},"content":{"rendered":"\n<p> Em um dia de otimismo no mercado financeiro, a moeda norte-americana fechou em seu menor n\u00edvel em 52 dias. O d\u00f3lar comercial encerrou esta sexta-feira (27) a R$ 4,05, com queda de R$ 0,017 (-0,42%). A moeda est\u00e1 no menor n\u00edvel desde 5 de novembro, quando era vendida a R$ 3,993.<\/p>\n\n\n\n<p>A divisa operou em baixa durante toda a sess\u00e3o. O d\u00f3lar acumula queda de 4,5% em dezembro.<\/p>\n\n\n\n<p>No mercado de a\u00e7\u00f5es, o dia foi marcado pela realiza\u00e7\u00e3o de lucros, quando os investidores vendem pap\u00e9is para embolsarem ganhos. Depois de bater recorde e fechar acima dos 117 mil pontos pela primeira vez, o \u00edndice Ibovespa, da B3, antiga Bolsa de Valores de S\u00e3o Paulo, fechou aos 116.534 pontos, com queda de 0,57% nesta sexta.<\/p>\n\n\n\n<p>As \u00faltimas semanas t\u00eam se caracterizado por ganhos no mercado financeiro ap\u00f3s a ag\u00eancia de classifica\u00e7\u00e3o de risco Standard &amp; Poor\u2019s anunciar a eleva\u00e7\u00e3o da perspectiva da nota da d\u00edvida p\u00fablica brasileira de est\u00e1vel para positiva. A decis\u00e3o indica que a ag\u00eancia pode subir a nota do cr\u00e9dito soberano do Brasil nos pr\u00f3ximos dois anos caso o pa\u00eds siga com a agenda de reformas e de redu\u00e7\u00e3o dos gastos p\u00fablicos.<\/p>\n\n\n\n<p>O fechamento da primeira fase do acordo comercial entre Estados Unidos e China tamb\u00e9m contribuiu para o otimismo em rela\u00e7\u00e3o a economias emergentes, como o Brasil. Existe a expectativa de que as negocia\u00e7\u00f5es para as pr\u00f3ximas etapas evoluam no in\u00edcio de 2020.<\/p>\n","protected":false},"excerpt":{"rendered":"<p>Em um dia de otimismo no mercado financeiro, a moeda norte-americana fechou em seu menor n\u00edvel em 52 dias. O d\u00f3lar comercial encerrou esta sexta-feira&hellip; <\/p>\n","protected":false},"author":1,"featured_media":106787,"comment_status":"closed","ping_status":"closed","sticky":false,"template":"","format":"standard","meta":{"sfsi_plus_gutenberg_text_before_share":"","sfsi_plus_gutenberg_show_text_before_share":"","sfsi_plus_gutenberg_icon_type":"","sfsi_plus_gutenberg_icon_alignemt":"","sfsi_plus_gutenburg_max_per_row":"","footnotes":""},"categories":[2],"tags":[],"class_list":["post-143329","post","type-post","status-publish","format-standard","has-post-thumbnail","hentry","category-geral"],"_links":{"self":[{"href":"https:\/\/www.caririemacao.com\/1\/wp-json\/wp\/v2\/posts\/143329","targetHints":{"allow":["GET"]}}],"collection":[{"href":"https:\/\/www.caririemacao.com\/1\/wp-json\/wp\/v2\/posts"}],"about":[{"href":"https:\/\/www.caririemacao.com\/1\/wp-json\/wp\/v2\/types\/post"}],"author":[{"embeddable":true,"href":"https:\/\/www.caririemacao.com\/1\/wp-json\/wp\/v2\/users\/1"}],"replies":[{"embeddable":true,"href":"https:\/\/www.caririemacao.com\/1\/wp-json\/wp\/v2\/comments?post=143329"}],"version-history":[{"count":1,"href":"https:\/\/www.caririemacao.com\/1\/wp-json\/wp\/v2\/posts\/143329\/revisions"}],"predecessor-version":[{"id":143330,"href":"https:\/\/www.caririemacao.com\/1\/wp-json\/wp\/v2\/posts\/143329\/revisions\/143330"}],"wp:featuredmedia":[{"embeddable":true,"href":"https:\/\/www.caririemacao.com\/1\/wp-json\/wp\/v2\/media\/106787"}],"wp:attachment":[{"href":"https:\/\/www.caririemacao.com\/1\/wp-json\/wp\/v2\/media?parent=143329"}],"wp:term":[{"taxonomy":"category","embeddable":true,"href":"https:\/\/www.caririemacao.com\/1\/wp-json\/wp\/v2\/categories?post=143329"},{"taxonomy":"post_tag","embeddable":true,"href":"https:\/\/www.caririemacao.com\/1\/wp-json\/wp\/v2\/tags?post=143329"}],"curies":[{"name":"wp","href":"https:\/\/api.w.org\/{rel}","templated":true}]}}