{"id":143342,"date":"2019-12-28T07:30:25","date_gmt":"2019-12-28T10:30:25","guid":{"rendered":"http:\/\/www.caririemacao.com\/1\/?p=143342"},"modified":"2019-12-28T07:30:25","modified_gmt":"2019-12-28T10:30:25","slug":"sudema-classifica-tres-praias-do-litoral-paraibano-como-improprias-para-banho-neste-fim-de-semana","status":"publish","type":"post","link":"https:\/\/www.caririemacao.com\/1\/2019\/12\/28\/sudema-classifica-tres-praias-do-litoral-paraibano-como-improprias-para-banho-neste-fim-de-semana\/","title":{"rendered":"Sudema classifica tr\u00eas praias do litoral paraibano como impr\u00f3prias para banho neste fim de semana"},"content":{"rendered":"\n<p>Os banhistas devem evitar tr\u00eas trechos de praias do Litoral da Para\u00edba neste final de semana. As informa\u00e7\u00f5es s\u00e3o do levantamento da Superintend\u00eancia de Administra\u00e7\u00e3o do Meio Ambiente (Sudema), que&nbsp;foi divulgado nesta sexta-feira (27).<\/p>\n\n\n\n<p>Segundo a Sudema, 65 trechos dentre 68 monitorados em 56 praias do estado est\u00e3o liberados para banho, com qualidade de \u00e1gua variando de satisfat\u00f3ria, muito boa e excelente.<\/p>\n\n\n\n<p>A orienta\u00e7\u00e3o geral da Sudema \u00e9 que os banhistas evitem trechos de praias localizados em \u00e1reas frontais a desembocaduras de galerias de \u00e1guas pluviais, principalmente se houver ind\u00edcio de escoamento recente.<\/p>\n\n\n\n<p>Veja abaixo os trechos de praias evitados:<\/p>\n\n\n\n<p>Jo\u00e3o Pessoa<\/p>\n\n\n\n<p>Praia de Mana\u00edra, no final da Av. Ruy Carneiro;<br>Praia de Jacarap\u00e9, em frente \u00e0 Rua do Centro de Conven\u00e7\u00f5es;<br>Praia do Arraial, em frente \u00e0 desembocadura do Rio Cui\u00e1.<\/p>\n","protected":false},"excerpt":{"rendered":"<p>Os banhistas devem evitar tr\u00eas trechos de praias do Litoral da Para\u00edba neste final de semana. As informa\u00e7\u00f5es s\u00e3o do levantamento da Superintend\u00eancia de Administra\u00e7\u00e3o&hellip; <\/p>\n","protected":false},"author":1,"featured_media":125941,"comment_status":"closed","ping_status":"closed","sticky":false,"template":"","format":"standard","meta":{"sfsi_plus_gutenberg_text_before_share":"","sfsi_plus_gutenberg_show_text_before_share":"","sfsi_plus_gutenberg_icon_type":"","sfsi_plus_gutenberg_icon_alignemt":"","sfsi_plus_gutenburg_max_per_row":"","footnotes":""},"categories":[2],"tags":[],"class_list":["post-143342","post","type-post","status-publish","format-standard","has-post-thumbnail","hentry","category-geral"],"_links":{"self":[{"href":"https:\/\/www.caririemacao.com\/1\/wp-json\/wp\/v2\/posts\/143342","targetHints":{"allow":["GET"]}}],"collection":[{"href":"https:\/\/www.caririemacao.com\/1\/wp-json\/wp\/v2\/posts"}],"about":[{"href":"https:\/\/www.caririemacao.com\/1\/wp-json\/wp\/v2\/types\/post"}],"author":[{"embeddable":true,"href":"https:\/\/www.caririemacao.com\/1\/wp-json\/wp\/v2\/users\/1"}],"replies":[{"embeddable":true,"href":"https:\/\/www.caririemacao.com\/1\/wp-json\/wp\/v2\/comments?post=143342"}],"version-history":[{"count":1,"href":"https:\/\/www.caririemacao.com\/1\/wp-json\/wp\/v2\/posts\/143342\/revisions"}],"predecessor-version":[{"id":143343,"href":"https:\/\/www.caririemacao.com\/1\/wp-json\/wp\/v2\/posts\/143342\/revisions\/143343"}],"wp:featuredmedia":[{"embeddable":true,"href":"https:\/\/www.caririemacao.com\/1\/wp-json\/wp\/v2\/media\/125941"}],"wp:attachment":[{"href":"https:\/\/www.caririemacao.com\/1\/wp-json\/wp\/v2\/media?parent=143342"}],"wp:term":[{"taxonomy":"category","embeddable":true,"href":"https:\/\/www.caririemacao.com\/1\/wp-json\/wp\/v2\/categories?post=143342"},{"taxonomy":"post_tag","embeddable":true,"href":"https:\/\/www.caririemacao.com\/1\/wp-json\/wp\/v2\/tags?post=143342"}],"curies":[{"name":"wp","href":"https:\/\/api.w.org\/{rel}","templated":true}]}}