{"id":143362,"date":"2019-12-28T07:50:59","date_gmt":"2019-12-28T10:50:59","guid":{"rendered":"http:\/\/www.caririemacao.com\/1\/?p=143362"},"modified":"2019-12-28T07:53:22","modified_gmt":"2019-12-28T10:53:22","slug":"bolsonaro-sanciona-com-veto-plano-plurianual","status":"publish","type":"post","link":"https:\/\/www.caririemacao.com\/1\/2019\/12\/28\/bolsonaro-sanciona-com-veto-plano-plurianual\/","title":{"rendered":"Bolsonaro sanciona, com veto, Plano Plurianual"},"content":{"rendered":"\n<p>  O presidente Jair Bolsonaro sancionou nesta sexta-feira (27), com veto, o Plano Plurianual da Uni\u00e3o (PPA) para o per\u00edodo de 2020 a 2023. O PPA<a rel=\"noreferrer noopener\" href=\"http:\/\/agenciabrasil.ebc.com.br\/economia\/noticia\/2019-12\/congresso-aprova-plano-plurianual-para-2020-2023\" target=\"_blank\">&nbsp;foi aprovado pelo Congresso<\/a>&nbsp;no dia 10 de dezembro e prev\u00ea 54 programas, 304 objetivos e 1.136 metas, em a\u00e7\u00f5es que totalizam R$ 6,8 trilh\u00f5es no per\u00edodo de quatro anos.&nbsp;<\/p>\n\n\n\n<p>Segundo nota enviada pelo Pal\u00e1cio do Planalto, houve um veto por raz\u00f5es de inconstitucionalidade do Inciso VII do Artigo 3\u00ba, que inseria como diretriz do PPA a persecu\u00e7\u00e3o das metas dos Objetivos do Desenvolvimento Sustent\u00e1vel da Organiza\u00e7\u00e3o das Na\u00e7\u00f5es Unidas. Na justificativa do veto, a diretriz dava \u201cum grau de cog\u00eancia e obrigatoriedade jur\u00eddica, em detrimento do procedimento dualista de internaliza\u00e7\u00e3o de atos internacionais, o que viola a previs\u00e3o dos arts. 49, inciso I, e art. 84, inciso VIII, da Constitui\u00e7\u00e3o Federal.\u201d<\/p>\n\n\n\n<p>O Plano Plurianual estabelece, de forma regionalizada, as diretrizes, os objetivos e as metas da administra\u00e7\u00e3o p\u00fablica para as despesas de capital e outras delas decorrentes, e para as relativas aos programas de dura\u00e7\u00e3o continuada. As demais leis or\u00e7ament\u00e1rias (como a Lei de Diretrizes Or\u00e7ament\u00e1rias e a Lei Or\u00e7ament\u00e1ria Anual) seguem as linhas gerais do PPA.&nbsp;<\/p>\n","protected":false},"excerpt":{"rendered":"<p>O presidente Jair Bolsonaro sancionou nesta sexta-feira (27), com veto, o Plano Plurianual da Uni\u00e3o (PPA) para o per\u00edodo de 2020 a 2023. O PPA&nbsp;foi&hellip; <\/p>\n","protected":false},"author":1,"featured_media":142027,"comment_status":"closed","ping_status":"closed","sticky":false,"template":"","format":"standard","meta":{"sfsi_plus_gutenberg_text_before_share":"","sfsi_plus_gutenberg_show_text_before_share":"","sfsi_plus_gutenberg_icon_type":"","sfsi_plus_gutenberg_icon_alignemt":"","sfsi_plus_gutenburg_max_per_row":"","footnotes":""},"categories":[11],"tags":[],"class_list":["post-143362","post","type-post","status-publish","format-standard","has-post-thumbnail","hentry","category-politica"],"_links":{"self":[{"href":"https:\/\/www.caririemacao.com\/1\/wp-json\/wp\/v2\/posts\/143362","targetHints":{"allow":["GET"]}}],"collection":[{"href":"https:\/\/www.caririemacao.com\/1\/wp-json\/wp\/v2\/posts"}],"about":[{"href":"https:\/\/www.caririemacao.com\/1\/wp-json\/wp\/v2\/types\/post"}],"author":[{"embeddable":true,"href":"https:\/\/www.caririemacao.com\/1\/wp-json\/wp\/v2\/users\/1"}],"replies":[{"embeddable":true,"href":"https:\/\/www.caririemacao.com\/1\/wp-json\/wp\/v2\/comments?post=143362"}],"version-history":[{"count":2,"href":"https:\/\/www.caririemacao.com\/1\/wp-json\/wp\/v2\/posts\/143362\/revisions"}],"predecessor-version":[{"id":143368,"href":"https:\/\/www.caririemacao.com\/1\/wp-json\/wp\/v2\/posts\/143362\/revisions\/143368"}],"wp:featuredmedia":[{"embeddable":true,"href":"https:\/\/www.caririemacao.com\/1\/wp-json\/wp\/v2\/media\/142027"}],"wp:attachment":[{"href":"https:\/\/www.caririemacao.com\/1\/wp-json\/wp\/v2\/media?parent=143362"}],"wp:term":[{"taxonomy":"category","embeddable":true,"href":"https:\/\/www.caririemacao.com\/1\/wp-json\/wp\/v2\/categories?post=143362"},{"taxonomy":"post_tag","embeddable":true,"href":"https:\/\/www.caririemacao.com\/1\/wp-json\/wp\/v2\/tags?post=143362"}],"curies":[{"name":"wp","href":"https:\/\/api.w.org\/{rel}","templated":true}]}}