{"id":143373,"date":"2019-12-28T08:19:57","date_gmt":"2019-12-28T11:19:57","guid":{"rendered":"http:\/\/www.caririemacao.com\/1\/?p=143373"},"modified":"2019-12-28T08:19:57","modified_gmt":"2019-12-28T11:19:57","slug":"homem-usando-tornozeleira-eletronica-e-assassinado-a-tiros-em-queimadas","status":"publish","type":"post","link":"https:\/\/www.caririemacao.com\/1\/2019\/12\/28\/homem-usando-tornozeleira-eletronica-e-assassinado-a-tiros-em-queimadas\/","title":{"rendered":"Homem usando tornozeleira eletr\u00f4nica \u00e9 assassinado a tiros em Queimadas"},"content":{"rendered":"\n<p>Um homem usando a tornozeleira eletr\u00f4nica foi assassinado a tiros, na noite desta sexta-feira (27), na cidade de Queimadas, na Para\u00edba.&nbsp; A v\u00edtima identificada como Biu foi atingida por tiros na regi\u00e3o da cabe\u00e7a.&nbsp;<\/p>\n\n\n\n<p>A Pol\u00edcia Militar foi acionada e isolou a \u00e1rea at\u00e9 a cbegada da per\u00edcia.<\/p>\n\n\n\n<p>O corpo foi encaminhado para o IML de Campina Grande.<\/p>\n\n\n\n<p>At\u00e9 o momento, ningu\u00e9m foi preso.&nbsp;<\/p>\n","protected":false},"excerpt":{"rendered":"<p>Um homem usando a tornozeleira eletr\u00f4nica foi assassinado a tiros, na noite desta sexta-feira (27), na cidade de Queimadas, na Para\u00edba.&nbsp; A v\u00edtima identificada como&hellip; <\/p>\n","protected":false},"author":1,"featured_media":89162,"comment_status":"closed","ping_status":"closed","sticky":false,"template":"","format":"standard","meta":{"sfsi_plus_gutenberg_text_before_share":"","sfsi_plus_gutenberg_show_text_before_share":"","sfsi_plus_gutenberg_icon_type":"","sfsi_plus_gutenberg_icon_alignemt":"","sfsi_plus_gutenburg_max_per_row":"","footnotes":""},"categories":[12],"tags":[],"class_list":["post-143373","post","type-post","status-publish","format-standard","has-post-thumbnail","hentry","category-policia"],"_links":{"self":[{"href":"https:\/\/www.caririemacao.com\/1\/wp-json\/wp\/v2\/posts\/143373","targetHints":{"allow":["GET"]}}],"collection":[{"href":"https:\/\/www.caririemacao.com\/1\/wp-json\/wp\/v2\/posts"}],"about":[{"href":"https:\/\/www.caririemacao.com\/1\/wp-json\/wp\/v2\/types\/post"}],"author":[{"embeddable":true,"href":"https:\/\/www.caririemacao.com\/1\/wp-json\/wp\/v2\/users\/1"}],"replies":[{"embeddable":true,"href":"https:\/\/www.caririemacao.com\/1\/wp-json\/wp\/v2\/comments?post=143373"}],"version-history":[{"count":1,"href":"https:\/\/www.caririemacao.com\/1\/wp-json\/wp\/v2\/posts\/143373\/revisions"}],"predecessor-version":[{"id":143374,"href":"https:\/\/www.caririemacao.com\/1\/wp-json\/wp\/v2\/posts\/143373\/revisions\/143374"}],"wp:featuredmedia":[{"embeddable":true,"href":"https:\/\/www.caririemacao.com\/1\/wp-json\/wp\/v2\/media\/89162"}],"wp:attachment":[{"href":"https:\/\/www.caririemacao.com\/1\/wp-json\/wp\/v2\/media?parent=143373"}],"wp:term":[{"taxonomy":"category","embeddable":true,"href":"https:\/\/www.caririemacao.com\/1\/wp-json\/wp\/v2\/categories?post=143373"},{"taxonomy":"post_tag","embeddable":true,"href":"https:\/\/www.caririemacao.com\/1\/wp-json\/wp\/v2\/tags?post=143373"}],"curies":[{"name":"wp","href":"https:\/\/api.w.org\/{rel}","templated":true}]}}