{"id":143378,"date":"2019-12-28T08:24:25","date_gmt":"2019-12-28T11:24:25","guid":{"rendered":"http:\/\/www.caririemacao.com\/1\/?p=143378"},"modified":"2019-12-28T08:24:25","modified_gmt":"2019-12-28T11:24:25","slug":"pesquisadora-da-ufpb-propoe-investimento-na-criacao-de-abelhas-no-nordeste","status":"publish","type":"post","link":"https:\/\/www.caririemacao.com\/1\/2019\/12\/28\/pesquisadora-da-ufpb-propoe-investimento-na-criacao-de-abelhas-no-nordeste\/","title":{"rendered":"Pesquisadora da UFPB prop\u00f5e investimento na cria\u00e7\u00e3o de abelhas no Nordeste"},"content":{"rendered":"\n<p>  A pesquisadora do Programa de P\u00f3s-Gradua\u00e7\u00e3o em Agronomia da Universidade Federal da Para\u00edba (UFPB) Maria C\u00e2ndida Dantas prop\u00f5e investimento na apicultura, ou seja, na cria\u00e7\u00e3o de abelhas, no Nordeste. Ao avaliar o potencial socioecon\u00f4mico da cria\u00e7\u00e3o de abelha sem ferr\u00e3o nos Estados da Para\u00edba e Rio Grande do Norte, concluiu que \u00e9 uma possibilidade real de gera\u00e7\u00e3o de renda e de preserva\u00e7\u00e3o ambiental.<\/p>\n\n\n\n<p>De acordo com a pesquisa, orientada pelo Jacinto de Luna, o manuseamento dessas abelhas \u00e9 desenvolvido tanto na cidade quanto no campo, tendo o mel como principal produto, comercializado por 82,2% dos criadores, que utilizam t\u00e9cnicas adequadas de manejo e coleta, agregando valor de forma que o litro do mel pode atingir R$ 115,50.<\/p>\n\n\n\n<p>Al\u00e9m da comercializa\u00e7\u00e3o do mel, tamb\u00e9m s\u00e3o vendidas col\u00f4nias de abelhas, que podem ser adquiridas por meio de divis\u00f5es de col\u00f4nias j\u00e1 existentes, assim como por caixas-iscas deixadas em locais pr\u00f3ximos a col\u00f4nias naturais, para que possam aproveitar o processo natural de enxameagem (ou enxamea\u00e7\u00e3o), pelo qual as col\u00f4nias se reproduzem fundando um novo ninho.<\/p>\n\n\n\n<p>Os valores conseguidos com a venda das col\u00f4nias variaram de R$ 150 a 800. No entanto, a m\u00e9dia \u00e9 de R$ 268,50. Essa varia\u00e7\u00e3o ocorre de acordo com a esp\u00e9cie de abelha, com a gen\u00e9tica e a classifica\u00e7\u00e3o da col\u00f4nia em rela\u00e7\u00e3o ao seu desenvolvimento.<\/p>\n\n\n\n<p>Para obter esses dados, durante dois anos, de 2017 a 2019, foram executadas entrevistas com 45 criadores, em propriedades do Sert\u00e3o ao Litoral, e o cat\u00e1logo de esp\u00e9cies de abelhas sem ferr\u00f5es, por serem f\u00e1ceis de manejar, por n\u00e3o oferecerem riscos \u00e0 popula\u00e7\u00e3o e tamb\u00e9m por apresentarem baixo custo de cria\u00e7\u00e3o.<\/p>\n\n\n\n<p>Al\u00e9m disso, segundo a pesquisadora, s\u00e3o consideradas excelentes polinizadoras, sendo respons\u00e1veis pela reprodu\u00e7\u00e3o de esp\u00e9cies vegetais nativas do semi\u00e1rido brasileiro. \u201cEssas abelhas t\u00eam grande papel no equil\u00edbrio da natureza, contribuindo de 40% a 90% para a poliniza\u00e7\u00e3o das \u00e1rvores. Isso garante a produ\u00e7\u00e3o de sementes e de frutos. Especula-se que um ter\u00e7o da alimenta\u00e7\u00e3o humana dependa direta ou indiretamente da poliniza\u00e7\u00e3o realizada pelas abelhas\u201d.<\/p>\n\n\n\n<p>O volume crescente de pesquisas cient\u00edficas sobre abelhas sem ferr\u00f5es nos \u00faltimos anos e a inser\u00e7\u00e3o desses pesquisadores no campo experimental podem ser um fator de contribui\u00e7\u00e3o para o decl\u00ednio da pr\u00e1tica irregular de extra\u00e7\u00e3o do mel.<\/p>\n\n\n\n<p>Para a pesquisadora, isso pode gerar ascens\u00e3o de criadores racionais de abelhas, organizados ou n\u00e3o, mas que buscam melhorar seus conhecimentos em rela\u00e7\u00e3o \u00e0 cria\u00e7\u00e3o, manejo e comercializa\u00e7\u00e3o dos produtos.<\/p>\n","protected":false},"excerpt":{"rendered":"<p>A pesquisadora do Programa de P\u00f3s-Gradua\u00e7\u00e3o em Agronomia da Universidade Federal da Para\u00edba (UFPB) Maria C\u00e2ndida Dantas prop\u00f5e investimento na apicultura, ou seja, na cria\u00e7\u00e3o&hellip; <\/p>\n","protected":false},"author":1,"featured_media":143379,"comment_status":"closed","ping_status":"closed","sticky":false,"template":"","format":"standard","meta":{"sfsi_plus_gutenberg_text_before_share":"","sfsi_plus_gutenberg_show_text_before_share":"","sfsi_plus_gutenberg_icon_type":"","sfsi_plus_gutenberg_icon_alignemt":"","sfsi_plus_gutenburg_max_per_row":"","footnotes":""},"categories":[2],"tags":[],"class_list":["post-143378","post","type-post","status-publish","format-standard","has-post-thumbnail","hentry","category-geral"],"_links":{"self":[{"href":"https:\/\/www.caririemacao.com\/1\/wp-json\/wp\/v2\/posts\/143378","targetHints":{"allow":["GET"]}}],"collection":[{"href":"https:\/\/www.caririemacao.com\/1\/wp-json\/wp\/v2\/posts"}],"about":[{"href":"https:\/\/www.caririemacao.com\/1\/wp-json\/wp\/v2\/types\/post"}],"author":[{"embeddable":true,"href":"https:\/\/www.caririemacao.com\/1\/wp-json\/wp\/v2\/users\/1"}],"replies":[{"embeddable":true,"href":"https:\/\/www.caririemacao.com\/1\/wp-json\/wp\/v2\/comments?post=143378"}],"version-history":[{"count":1,"href":"https:\/\/www.caririemacao.com\/1\/wp-json\/wp\/v2\/posts\/143378\/revisions"}],"predecessor-version":[{"id":143380,"href":"https:\/\/www.caririemacao.com\/1\/wp-json\/wp\/v2\/posts\/143378\/revisions\/143380"}],"wp:featuredmedia":[{"embeddable":true,"href":"https:\/\/www.caririemacao.com\/1\/wp-json\/wp\/v2\/media\/143379"}],"wp:attachment":[{"href":"https:\/\/www.caririemacao.com\/1\/wp-json\/wp\/v2\/media?parent=143378"}],"wp:term":[{"taxonomy":"category","embeddable":true,"href":"https:\/\/www.caririemacao.com\/1\/wp-json\/wp\/v2\/categories?post=143378"},{"taxonomy":"post_tag","embeddable":true,"href":"https:\/\/www.caririemacao.com\/1\/wp-json\/wp\/v2\/tags?post=143378"}],"curies":[{"name":"wp","href":"https:\/\/api.w.org\/{rel}","templated":true}]}}