{"id":143383,"date":"2019-12-28T08:29:48","date_gmt":"2019-12-28T11:29:48","guid":{"rendered":"http:\/\/www.caririemacao.com\/1\/?p=143383"},"modified":"2019-12-28T08:29:48","modified_gmt":"2019-12-28T11:29:48","slug":"copa-do-mundo-na-franca-alca-futebol-feminino-a-outro-patamar","status":"publish","type":"post","link":"https:\/\/www.caririemacao.com\/1\/2019\/12\/28\/copa-do-mundo-na-franca-alca-futebol-feminino-a-outro-patamar\/","title":{"rendered":"Copa do Mundo na Fran\u00e7a al\u00e7a futebol feminino a outro patamar"},"content":{"rendered":"\n<p>  O futebol feminino viveu no ano de 2019 um momento hist\u00f3rico.\u00a0\u00a0A Copa do Mundo, disputada na Fran\u00e7a, entre junho e julho, foi um sucesso.\u00a0A\u00a0competi\u00e7\u00e3o bateu recorde de audi\u00eancia: de acordo com um relat\u00f3rio da Fifa, foram 1,12 bilh\u00e3o de espectadores ao redor do mundo &#8211; somando p\u00fablico de TV e de internet \u2013 o que representa um aumento de 30% se comparado \u00e0 edi\u00e7\u00e3o m\u00e9dia registrada no Mundial de 2015, no Canad\u00e1.<\/p>\n\n\n\n<p>O confronto final, entre Estados Unidos e Holanda, realizado em Lyon, foi o mais visto entre todas as decis\u00f5es&nbsp;do Mundial at\u00e9&nbsp;hoje: cerca de 82,2 milh\u00f5es de pessoas acompanharam o jogo ao vivo, n\u00famero 56% maior que no mundial de 2015. Na final in\u00e9dita, os Estados Unidos conquistaram o bicampeonato consecutivo ao vencer a sele\u00e7\u00e3o holandesa por 2 a 0, passando a somar quatro t\u00edtulos mundiais.<\/p>\n\n\n\n<p>A sele\u00e7\u00e3o norte-americana, liderada pela capit\u00e3 Megan Rapinoe \u2013 eleita a melhor jogadora da competi\u00e7\u00e3o &#8211; conquistou o quarto t\u00edtulo mundial de forma invicta. Logo na estreia, a equipe feminina dos Estados Unidos aplicou uma goleada hist\u00f3rica sobre a sele\u00e7\u00e3o da Tail\u00e2ndia: placar de 13 a 0, sendo que cinco gols foram de autoria da atacante Alex Morgan.&nbsp;As advers\u00e1rias holandesas, atuais campe\u00e3s europeias, tamb\u00e9m fizeram uma campanha brilhante para chegar \u00e0 final: venceram todas as partidas, inclusive na fase de grupos. Mas ca\u00edram diante da experi\u00eancia e evolu\u00e7\u00e3o t\u00e9cnica das norte-americanas, comandadas pela treinadora Jill Ellis.<\/p>\n\n\n\n<p>Mas o jogo que mais atraiu a aten\u00e7\u00e3o do mundo foi o da sele\u00e7\u00e3o brasileira contra a equipe da Fran\u00e7a, pelas oitavas de final.&nbsp;&nbsp;A partida bateu recorde de audi\u00eancia: 59 milh\u00f5es de telespectadores de todo o planeta, sendo que 35 milh\u00f5es deles acompanharam o duelo no territ\u00f3rio nacional. Em campo, a equipe brasileira, comandada pelo t\u00e9cnico Oswaldo Alvarez, o Vad\u00e3o, mostrou garra e fez um duelo equilibrado contra o time franc\u00eas.&nbsp;&nbsp;Mas, apesar da torcida e da garra em campo, o Brasil se despediu do Mundial ap\u00f3s perder por 2 a 1 na prorroga\u00e7\u00e3o.&nbsp;&nbsp;&nbsp;<\/p>\n\n\n\n<figure class=\"wp-block-image\"><img decoding=\"async\" data-src=\"http:\/\/imagens.ebc.com.br\/15PlH6wPjYF4cER5VAFS-unYE2E=\/754x0\/smart\/http:\/\/agenciabrasil.ebc.com.br\/sites\/default\/files\/thumbnails\/image\/2019-06-18t201758z_1157666758_rc18faac8450_rtrmadp_3_soccer-worldcup-ita-bra.jpg?itok=ifGjUTbO\" alt=\"Marta e Andressinha na Copa do Mundo de Futebol Feminino. \" src=\"data:image\/svg+xml;base64,PHN2ZyB3aWR0aD0iMSIgaGVpZ2h0PSIxIiB4bWxucz0iaHR0cDovL3d3dy53My5vcmcvMjAwMC9zdmciPjwvc3ZnPg==\" class=\"lazyload\" \/><\/figure>\n\n\n\n<p>Marta e Andressinha na Copa do Mundo de Futebol Feminino. &#8211;&nbsp;<strong>Phil Noble\/ Reuters \/ Direitos Reservados<\/strong><\/p>\n\n\n\n<p>Durante o Mundial da Fran\u00e7a, a meia-atacante Marta, eleita seis vezes a melhor jogadora do mundo pela Fifa, conquistou o t\u00edtulo de maior artilheira de todas as Copas \u2013 feminina e masculina \u2013 com 17 gols, ultrapassando o alem\u00e3o Miroslav Klose, autor de 16 gols pela sele\u00e7\u00e3o alem\u00e3.&nbsp;&nbsp;O gol que al\u00e7ou Marta \u00e0 maior artilheira dos Mundiais foi de p\u00eanalti, na vit\u00f3ria por 1 a 0 contra a It\u00e1lia, placar que garantiu a classifica\u00e7\u00e3o do Brasil para as oitavas de final.<\/p>\n\n\n\n<p>Um m\u00eas ap\u00f3s a elimina\u00e7\u00e3o do Brasil na Copa, o t\u00e9cnico Vad\u00e3o deixou o comando da sele\u00e7\u00e3o. Nesta&nbsp;segunda&nbsp;passagem pela equipe, Vad\u00e3o conduziu o time na conquista da Copa Am\u00e9rica de 2018 que assegurou a vaga do Brasil no Mundial da Fran\u00e7a e na Olimp\u00edada de T\u00f3quio 2020.&nbsp;&nbsp;&nbsp;<\/p>\n\n\n\n<h2 class=\"wp-block-heading\">Renova\u00e7\u00e3o<\/h2>\n\n\n\n<p>Com um curr\u00edculo vencedor, a t\u00e9cnica sueca Pia Sundahage, de 59 anos, assumiu oficialmente no dia&nbsp;30 de julho&nbsp;o comando da sele\u00e7\u00e3o feminina pelos pr\u00f3ximos dois anos.&nbsp;Bicampe\u00e3 ol\u00edmpica em 2008 e 2012, com a equipe feminina dos Estados Unidos, Sundhage treinava a sele\u00e7\u00e3o da Su\u00e9cia quando o time conquistou a medalha de prata na Rio 2016.<\/p>\n\n\n\n<figure class=\"wp-block-image\"><img decoding=\"async\" data-src=\"http:\/\/imagens.ebc.com.br\/RPcfn158Wq_ui4TdxnwCcOokiIM=\/754x0\/smart\/http:\/\/agenciabrasil.ebc.com.br\/sites\/default\/files\/thumbnails\/image\/48416207231_1de114474e_k.jpg?itok=E8aHj8H6\" alt=\"Sueca Pia Sundhage \u00e9 apresentada como nova t\u00e9cnica da sele\u00e7\u00e3o feminina brasileira de futebol\" src=\"data:image\/svg+xml;base64,PHN2ZyB3aWR0aD0iMSIgaGVpZ2h0PSIxIiB4bWxucz0iaHR0cDovL3d3dy53My5vcmcvMjAwMC9zdmciPjwvc3ZnPg==\" class=\"lazyload\" \/><\/figure>\n\n\n\n<p>Sueca Pia Sundhage \u00e9 apresentada como nova t\u00e9cnica da sele\u00e7\u00e3o&nbsp;brasileira feminina de futebol &#8211;&nbsp;<strong>Lucas Figueiredo\/CBF<\/strong><\/p>\n\n\n\n<p>A treinadora sueca deixou claro, logo ao assumir o posto, que a renova\u00e7\u00e3o do grupo \u00e9 um dos seus principais objetivos, tendo em vista que jogadoras importantes como Marta, Formiga, e Cristiane est\u00e3o pr\u00f3ximas da aposentadoria. De olho na nova gera\u00e7\u00e3o, Sundhage se mostrou comprometida com a integra\u00e7\u00e3o das categorias femininas de base (sub-17 e sub-20) com a sele\u00e7\u00e3o profissional.<\/p>\n\n\n\n<p>Na corrida contra o tempo para preparar a sele\u00e7\u00e3o brasileira rumo \u00e0 conquista do ouro nos Jogos Ol\u00edmpicos de T\u00f3quio 2020, Sundhage j\u00e1 conduziu a sele\u00e7\u00e3o em oito jogos, e o retrospecto \u00e9 pra l\u00e1 de animador. Sob novo comando, a equipe principal encerrou invicta o ano de 2019, com seis vit\u00f3rias e dois empates (neste dois, o Brasil perdeu nos p\u00eanaltis, para as sele\u00e7\u00f5es do Chile e China).<\/p>\n\n\n\n<p>Logo na partida de estreia de Sundhage, a sele\u00e7\u00e3o goleou a rival Argentina por 5 a 0, no torneio amistoso Uber Internacional, em S\u00e3o Paulo. Mas a maior goleada foi contra o M\u00e9xico, 6 a 0, com direito a tr\u00eas gols da atacante Bia Zaneratto. A t\u00e9cnica sueca vibrou com o desempenho do time, que contou com nove novidades na lista de 27 convocadas. No segundo e \u00faltimo amistoso preparat\u00f3rio desse ano, tamb\u00e9m contra o M\u00e9xico, Sundhage convocou 17 novatas entre as 27 convocadas. E deu certo de novo: o escrete brasileiro ganhou por 4 a 0, e demonstrou que est\u00e1 no caminho para brilhar em T\u00f3quio 2020.<\/p>\n\n\n\n<h2 class=\"wp-block-heading\">Libertadores Feminina<\/h2>\n\n\n\n<p>E o futebol brasileiro fez bonito tamb\u00e9m na Copa Libertadores Feminina, em Quito no Equador.&nbsp;&nbsp;A competi\u00e7\u00e3o, disputada entre 11 e&nbsp;27 de outubro, reuniu 16 clubes e foram dois times brasileiros que chegaram \u00e0 final. O Corinthians, vice-campe\u00e3o brasileiro, conquistou o t\u00edtulo da Libertadores, diante da Ferrovi\u00e1ria, campe\u00e3 nacional este ano.&nbsp;&nbsp;<\/p>\n\n\n\n<figure class=\"wp-block-image\"><img decoding=\"async\" data-src=\"http:\/\/imagens.ebc.com.br\/XYWya4m0GzMzufeEJvKPXUQxGps=\/754x0\/smart\/http:\/\/agenciabrasil.ebc.com.br\/sites\/default\/files\/thumbnails\/image\/eibo1fhwoaeqwot.jpeg?itok=WBP8jZm2\" alt=\" bicampeonato do time feminino do Corinthians na Copa Libertadores.\n\" src=\"data:image\/svg+xml;base64,PHN2ZyB3aWR0aD0iMSIgaGVpZ2h0PSIxIiB4bWxucz0iaHR0cDovL3d3dy53My5vcmcvMjAwMC9zdmciPjwvc3ZnPg==\" class=\"lazyload\" \/><\/figure>\n\n\n\n<p>bicampeonato do time feminino do Corinthians na Copa Libertadores. &#8211;&nbsp;<strong>CONMEBOL Libertadores Feminina<\/strong><\/p>\n\n\n\n<p>O Tim\u00e3o desbancou a equipe de Araraquara por 2 a 0, numa decis\u00e3o com gosto de revanche. Na grande decis\u00e3o do Brasileir\u00e3o feminino, ap\u00f3s o tempo regulamentar, a Ferrovi\u00e1ria levou a melhor nos p\u00eanaltis, em pleno Parque S\u00e3o Jorge, casa do advers\u00e1rio.<\/p>\n\n\n\n<p>O t\u00edtulo \u00e9 o segundo na hist\u00f3ria da equipe feminina do Corinthians: o primeiro foi em 2017, quando o time firmou parceria com o Audax.<\/p>\n","protected":false},"excerpt":{"rendered":"<p>O futebol feminino viveu no ano de 2019 um momento hist\u00f3rico.\u00a0\u00a0A Copa do Mundo, disputada na Fran\u00e7a, entre junho e julho, foi um sucesso.\u00a0A\u00a0competi\u00e7\u00e3o bateu&hellip; <\/p>\n","protected":false},"author":1,"featured_media":87076,"comment_status":"closed","ping_status":"closed","sticky":false,"template":"","format":"standard","meta":{"sfsi_plus_gutenberg_text_before_share":"","sfsi_plus_gutenberg_show_text_before_share":"","sfsi_plus_gutenberg_icon_type":"","sfsi_plus_gutenberg_icon_alignemt":"","sfsi_plus_gutenburg_max_per_row":"","footnotes":""},"categories":[13],"tags":[],"class_list":["post-143383","post","type-post","status-publish","format-standard","has-post-thumbnail","hentry","category-esportes"],"_links":{"self":[{"href":"https:\/\/www.caririemacao.com\/1\/wp-json\/wp\/v2\/posts\/143383","targetHints":{"allow":["GET"]}}],"collection":[{"href":"https:\/\/www.caririemacao.com\/1\/wp-json\/wp\/v2\/posts"}],"about":[{"href":"https:\/\/www.caririemacao.com\/1\/wp-json\/wp\/v2\/types\/post"}],"author":[{"embeddable":true,"href":"https:\/\/www.caririemacao.com\/1\/wp-json\/wp\/v2\/users\/1"}],"replies":[{"embeddable":true,"href":"https:\/\/www.caririemacao.com\/1\/wp-json\/wp\/v2\/comments?post=143383"}],"version-history":[{"count":1,"href":"https:\/\/www.caririemacao.com\/1\/wp-json\/wp\/v2\/posts\/143383\/revisions"}],"predecessor-version":[{"id":143384,"href":"https:\/\/www.caririemacao.com\/1\/wp-json\/wp\/v2\/posts\/143383\/revisions\/143384"}],"wp:featuredmedia":[{"embeddable":true,"href":"https:\/\/www.caririemacao.com\/1\/wp-json\/wp\/v2\/media\/87076"}],"wp:attachment":[{"href":"https:\/\/www.caririemacao.com\/1\/wp-json\/wp\/v2\/media?parent=143383"}],"wp:term":[{"taxonomy":"category","embeddable":true,"href":"https:\/\/www.caririemacao.com\/1\/wp-json\/wp\/v2\/categories?post=143383"},{"taxonomy":"post_tag","embeddable":true,"href":"https:\/\/www.caririemacao.com\/1\/wp-json\/wp\/v2\/tags?post=143383"}],"curies":[{"name":"wp","href":"https:\/\/api.w.org\/{rel}","templated":true}]}}