{"id":143386,"date":"2019-12-28T09:37:53","date_gmt":"2019-12-28T12:37:53","guid":{"rendered":"http:\/\/www.caririemacao.com\/1\/?p=143386"},"modified":"2019-12-28T09:37:53","modified_gmt":"2019-12-28T12:37:53","slug":"consumidores-terao-tarifa-branca-no-consumo-de-energia-em-2020","status":"publish","type":"post","link":"https:\/\/www.caririemacao.com\/1\/2019\/12\/28\/consumidores-terao-tarifa-branca-no-consumo-de-energia-em-2020\/","title":{"rendered":"Consumidores ter\u00e3o tarifa branca no consumo de energia em 2020"},"content":{"rendered":"\n<p> A chamada tarifa branca ser\u00e1 oferecida para todos os consumidores de energia el\u00e9trica do pa\u00eds a partir do dia primeiro de janeiro de 2020. Atualmente, tem direito a optar pela tarifa branca apenas quem tem um consumo m\u00e9dio anual superior a 250 Kwh por m\u00eas. At\u00e9 outubro, mais de 32 mil consumidores mudaram para a tarifa branca, sendo 25 mil resid\u00eancias.<\/p>\n\n\n\n<p>A nova modalidade de tarifa \u00e9 oferecida para estabelecimentos de baixa tens\u00e3o, como resid\u00eancias e pequenas ind\u00fastrias ou com\u00e9rcios. Ao contr\u00e1rio da tarifa convencional, a branca permite uma redu\u00e7\u00e3o no valor da conta para quem transferir o consumo para os hor\u00e1rios de menor uso de energia el\u00e9trica.<\/p>\n\n\n\n<p>O gerente da CAS Tecnologia, empresa que presta servi\u00e7o para concession\u00e1rias de energia, Ot\u00e1vio Brasil, explica que este modelo de tarifa \u00e9 aplicado em outros pa\u00edses e traz benef\u00edcios tanto para o consumidor quanto para as empresas.<\/p>\n\n\n\n<p>Segundo a Aneel, a Ag\u00eancia Nacional de Energia El\u00e9trica, os hor\u00e1rios de pico s\u00e3o definidos pela m\u00e9dia dos consumos em cada distribuidora. As pessoas podem consultar os hor\u00e1rios de pico da regi\u00e3o em que moram na p\u00e1gina da Aneel na internet.<\/p>\n\n\n\n<p>Em m\u00e9dia, os hor\u00e1rios de pico v\u00e3o das 6h da tarde \u00e0s 9h da noite, mas esses hor\u00e1rios podem mudar de acordo com o estado.&nbsp;A Aneel alerta que a tarifa n\u00e3o \u00e9 oferecida para os consumidores classificados como de baixa renda e outros benefici\u00e1rios de descontos previstos em lei.<\/p>\n\n\n\n<p>Al\u00e9m disso, a tarifa branca s\u00f3 vale a pena, segundo a ag\u00eancia, se a fam\u00edlia ou a empresa conseguir transferir o consumo para fora dos hor\u00e1rios de pico.&nbsp;Caso contr\u00e1rio, o valor do servi\u00e7o pode, inclusive, aumentar, como explicou o superintendente de gest\u00e3o tarif\u00e1ria da Aneel, Davi Antunes.&nbsp;<\/p>\n\n\n\n<p>Uma vez alterado da tarifa convencional para a branca, o consumidor pode retornar para a convencional caso n\u00e3o tenha percebido uma redu\u00e7\u00e3o nos pre\u00e7os. As distribuidoras ter\u00e3o 30 dias para reverter a mudan\u00e7a.<\/p>\n","protected":false},"excerpt":{"rendered":"<p>A chamada tarifa branca ser\u00e1 oferecida para todos os consumidores de energia el\u00e9trica do pa\u00eds a partir do dia primeiro de janeiro de 2020. Atualmente,&hellip; <\/p>\n","protected":false},"author":1,"featured_media":138730,"comment_status":"closed","ping_status":"closed","sticky":false,"template":"","format":"standard","meta":{"sfsi_plus_gutenberg_text_before_share":"","sfsi_plus_gutenberg_show_text_before_share":"","sfsi_plus_gutenberg_icon_type":"","sfsi_plus_gutenberg_icon_alignemt":"","sfsi_plus_gutenburg_max_per_row":"","footnotes":""},"categories":[2],"tags":[],"class_list":["post-143386","post","type-post","status-publish","format-standard","has-post-thumbnail","hentry","category-geral"],"_links":{"self":[{"href":"https:\/\/www.caririemacao.com\/1\/wp-json\/wp\/v2\/posts\/143386","targetHints":{"allow":["GET"]}}],"collection":[{"href":"https:\/\/www.caririemacao.com\/1\/wp-json\/wp\/v2\/posts"}],"about":[{"href":"https:\/\/www.caririemacao.com\/1\/wp-json\/wp\/v2\/types\/post"}],"author":[{"embeddable":true,"href":"https:\/\/www.caririemacao.com\/1\/wp-json\/wp\/v2\/users\/1"}],"replies":[{"embeddable":true,"href":"https:\/\/www.caririemacao.com\/1\/wp-json\/wp\/v2\/comments?post=143386"}],"version-history":[{"count":1,"href":"https:\/\/www.caririemacao.com\/1\/wp-json\/wp\/v2\/posts\/143386\/revisions"}],"predecessor-version":[{"id":143387,"href":"https:\/\/www.caririemacao.com\/1\/wp-json\/wp\/v2\/posts\/143386\/revisions\/143387"}],"wp:featuredmedia":[{"embeddable":true,"href":"https:\/\/www.caririemacao.com\/1\/wp-json\/wp\/v2\/media\/138730"}],"wp:attachment":[{"href":"https:\/\/www.caririemacao.com\/1\/wp-json\/wp\/v2\/media?parent=143386"}],"wp:term":[{"taxonomy":"category","embeddable":true,"href":"https:\/\/www.caririemacao.com\/1\/wp-json\/wp\/v2\/categories?post=143386"},{"taxonomy":"post_tag","embeddable":true,"href":"https:\/\/www.caririemacao.com\/1\/wp-json\/wp\/v2\/tags?post=143386"}],"curies":[{"name":"wp","href":"https:\/\/api.w.org\/{rel}","templated":true}]}}