{"id":143394,"date":"2019-12-28T09:42:58","date_gmt":"2019-12-28T12:42:58","guid":{"rendered":"http:\/\/www.caririemacao.com\/1\/?p=143394"},"modified":"2019-12-28T09:42:58","modified_gmt":"2019-12-28T12:42:58","slug":"toffoli-determina-desbloqueio-do-fundo-nacional-de-seguranca-publica","status":"publish","type":"post","link":"https:\/\/www.caririemacao.com\/1\/2019\/12\/28\/toffoli-determina-desbloqueio-do-fundo-nacional-de-seguranca-publica\/","title":{"rendered":"Toffoli determina desbloqueio do Fundo Nacional de Seguran\u00e7a P\u00fablica"},"content":{"rendered":"\n<p>O presidente do Supremo Tribunal Federal (STF), ministro Dias Toffoli, determinou hoje (27), que o governo federal fa\u00e7a a transfer\u00eancia de 50% dos recursos bloqueados do Fundo Nacional de Seguran\u00e7a P\u00fablica. O valor estimado \u00e9 R$ 1,1 bilh\u00e3o.<\/p>\n\n\n\n<p>Na liminar, o ministro atendeu pedido de v\u00e1rios estados, que alegam ter direito ao repasse em fun\u00e7\u00e3o da&nbsp;<a href=\"http:\/\/www.planalto.gov.br\/ccivil_03\/_Ato2015-2018\/2018\/Lei\/L13756.htm\" target=\"_blank\" rel=\"noreferrer noopener\">Lei 13.756\/2018<\/a>, que alterou as regras para gest\u00e3o do fundo.<\/p>\n\n\n\n<p>&#8220;Entendo que o modelo constitucional de federalismo cooperativo exige da Uni\u00e3o a observ\u00e2ncia das regras de reparti\u00e7\u00e3o de recursos com as demais entidades pol\u00edticas nacionais, sob pena de incorrer em infidelidade federativa&#8221;, argumentou o ministro.<\/p>\n\n\n\n<p>A decis\u00e3o foi tomada de forma liminar devido ao per\u00edodo de recesso na Corte, que termina em fevereiro. Ap\u00f3s o retorno ao trabalho, o caso ser\u00e1 encaminhado para relatora do processo, ministra Rosa Weber.<\/p>\n\n\n\n<p>Ao se manifestar na a\u00e7\u00e3o, a Advocacia-Geral da Uni\u00e3o (AGU) disse que o bloqueio dos recursos foi aprovado pelo Congresso e consta no Or\u00e7amento da Uni\u00e3o.<\/p>\n\n\n\n<p>&#8220;A pr\u00f3pria Lei Or\u00e7ament\u00e1ria Anual de 2019 alocou parcela das receitas do fundo em uma reserva de conting\u00eancia espec\u00edfica, vinculada ao pr\u00f3prio Minist\u00e9rio da Justi\u00e7a e Seguran\u00e7a P\u00fablica&#8221;, argumentou a AGU.<\/p>\n","protected":false},"excerpt":{"rendered":"<p>O presidente do Supremo Tribunal Federal (STF), ministro Dias Toffoli, determinou hoje (27), que o governo federal fa\u00e7a a transfer\u00eancia de 50% dos recursos bloqueados&hellip; <\/p>\n","protected":false},"author":1,"featured_media":133492,"comment_status":"closed","ping_status":"closed","sticky":false,"template":"","format":"standard","meta":{"sfsi_plus_gutenberg_text_before_share":"","sfsi_plus_gutenberg_show_text_before_share":"","sfsi_plus_gutenberg_icon_type":"","sfsi_plus_gutenberg_icon_alignemt":"","sfsi_plus_gutenburg_max_per_row":"","footnotes":""},"categories":[2],"tags":[],"class_list":["post-143394","post","type-post","status-publish","format-standard","has-post-thumbnail","hentry","category-geral"],"_links":{"self":[{"href":"https:\/\/www.caririemacao.com\/1\/wp-json\/wp\/v2\/posts\/143394","targetHints":{"allow":["GET"]}}],"collection":[{"href":"https:\/\/www.caririemacao.com\/1\/wp-json\/wp\/v2\/posts"}],"about":[{"href":"https:\/\/www.caririemacao.com\/1\/wp-json\/wp\/v2\/types\/post"}],"author":[{"embeddable":true,"href":"https:\/\/www.caririemacao.com\/1\/wp-json\/wp\/v2\/users\/1"}],"replies":[{"embeddable":true,"href":"https:\/\/www.caririemacao.com\/1\/wp-json\/wp\/v2\/comments?post=143394"}],"version-history":[{"count":1,"href":"https:\/\/www.caririemacao.com\/1\/wp-json\/wp\/v2\/posts\/143394\/revisions"}],"predecessor-version":[{"id":143395,"href":"https:\/\/www.caririemacao.com\/1\/wp-json\/wp\/v2\/posts\/143394\/revisions\/143395"}],"wp:featuredmedia":[{"embeddable":true,"href":"https:\/\/www.caririemacao.com\/1\/wp-json\/wp\/v2\/media\/133492"}],"wp:attachment":[{"href":"https:\/\/www.caririemacao.com\/1\/wp-json\/wp\/v2\/media?parent=143394"}],"wp:term":[{"taxonomy":"category","embeddable":true,"href":"https:\/\/www.caririemacao.com\/1\/wp-json\/wp\/v2\/categories?post=143394"},{"taxonomy":"post_tag","embeddable":true,"href":"https:\/\/www.caririemacao.com\/1\/wp-json\/wp\/v2\/tags?post=143394"}],"curies":[{"name":"wp","href":"https:\/\/api.w.org\/{rel}","templated":true}]}}